{"id":101491,"date":"2025-02-04T17:12:57","date_gmt":"2025-02-04T23:12:57","guid":{"rendered":"https:\/\/www.aliadospuebla.com\/?p=101491"},"modified":"2025-02-04T17:12:57","modified_gmt":"2025-02-04T23:12:57","slug":"presentan-en-congreso-del-estado-el-libro-dignidad-parlamentaria","status":"publish","type":"post","link":"https:\/\/www.aliadospuebla.com\/?p=101491","title":{"rendered":"Presentan en Congreso del Estado el libro \u201cDignidad Parlamentaria\u201d"},"content":{"rendered":"<h4><em>Evento organizado por la diputada Fedrha Isabel Suriano Corrales<\/em><\/h4>\n<p>Con la finalidad de analizar el papel de los Congresos locales en la vida p\u00fablica,<\/p>\n<p>a trav\u00e9s de hechos pol\u00edticos como el de Tabasco en 1995; en el Auditorio \u201c18 de Noviembre\u201d<\/p>\n<p>de la nueva sede del Congreso del Estado se llev\u00f3 a cabo la presentaci\u00f3n del libro<\/p>\n<p>\u201cDignidad Parlamentaria\u201d, del autor Pedro Jim\u00e9nez Le\u00f3n.<\/p>\n<p>&nbsp;<\/p>\n<p>Durante la presentaci\u00f3n de esta obra, la diputada Fedrha Isabel Suriano Corrales enfatiz\u00f3 la importancia de que las y los integrantes de la LXII Legislatura contin\u00faen trabajando, con respeto y armon\u00eda, en un solo fin que es el beneficio de las y los poblanos.<\/p>\n<p>&nbsp;<\/p>\n<p>En su participaci\u00f3n, el autor del libro, Pedro Jim\u00e9nez Le\u00f3n subray\u00f3 que se debe continuar con las labores legislativas con valores, ya que esto hace que los congresos locales no solo sean valiosos, sino valientes para tomar las decisiones a favor de la sociedad.<\/p>\n<p>&nbsp;<\/p>\n<p>En la presentaci\u00f3n del libro tambi\u00e9n estuvieron presentes las diputadas: Laura Artemisa Garc\u00eda Ch\u00e1vez y Cinthya Gabriela Chumacero Rodr\u00edguez; as\u00ed como los diputados Julio Miguel Huerta G\u00f3mez, Jos\u00e9 Luis Figueroa Cort\u00e9s y Elpidio D\u00edaz Escobar.<\/p>\n","protected":false},"excerpt":{"rendered":"<p>Evento organizado por la diputada Fedrha Isabel Suriano Corrales Con la finalidad de analizar el papel de los Congresos locales en la vida p\u00fablica, a trav\u00e9s de hechos pol\u00edticos como el de Tabasco en 1995; en el Auditorio \u201c18 de Noviembre\u201d de la nueva sede del Congreso del Estado se llev\u00f3 a cabo la presentaci\u00f3n del libro \u201cDignidad Parlamentaria\u201d, del autor Pedro Jim\u00e9nez Le\u00f3n. &nbsp; Durante la presentaci\u00f3n de esta obra, la diputada Fedrha Isabel Suriano Corrales enfatiz\u00f3 la importancia de que las y los integrantes de la LXII Legislatura contin\u00faen trabajando, con respeto y armon\u00eda, en un solo fin que es el beneficio de las y los poblanos. &nbsp; En su participaci\u00f3n, el autor del libro, Pedro Jim\u00e9nez Le\u00f3n subray\u00f3 que se debe continuar&hellip;<\/p>\n<p class=\"excerpt-more\"><a class=\"blog-excerpt button\" href=\"https:\/\/www.aliadospuebla.com\/?p=101491\">Leer m\u00e1s&#8230;<\/a><\/p>\n","protected":false},"author":2,"featured_media":101492,"comment_status":"open","ping_status":"open","sticky":false,"template":"","format":"standard","meta":{"_monsterinsights_skip_tracking":false,"footnotes":""},"categories":[6],"tags":[88,27369,24481,25103,27371,27370,600],"class_list":["post-101491","post","type-post","status-publish","format-standard","has-post-thumbnail","hentry","category-politica","tag-congreso-del-estado","tag-dignidad-parlamentaria","tag-fedrha-isabel-suriano-corrales","tag-jose-luis-figueroa-cortes","tag-laura-artemisa-garcia-chavez-y-cinthya-gabriela-chumacero-rodriguez","tag-pedro-jimenez-leon","tag-valores"],"yoast_head":"<!-- This site is optimized with the Yoast SEO plugin v28.4 - https:\/\/yoast.com\/product\/yoast-seo-wordpress\/ -->\n<title>Presentan en Congreso del Estado el libro \u201cDignidad Parlamentaria\u201d - AliadosPuebla<\/title>\n<meta name=\"robots\" content=\"index, follow, max-snippet:-1, max-image-preview:large, max-video-preview:-1\" \/>\n<link rel=\"canonical\" href=\"https:\/\/www.aliadospuebla.com\/?p=101491\" \/>\n<meta property=\"og:locale\" content=\"es_ES\" \/>\n<meta property=\"og:type\" content=\"article\" \/>\n<meta property=\"og:title\" content=\"Presentan en Congreso del Estado el libro \u201cDignidad Parlamentaria\u201d - AliadosPuebla\" \/>\n<meta property=\"og:description\" content=\"Evento organizado por la diputada Fedrha Isabel Suriano Corrales Con la finalidad de analizar el papel de los Congresos locales en la vida p\u00fablica, a trav\u00e9s de hechos pol\u00edticos como el de Tabasco en 1995; en el Auditorio \u201c18 de Noviembre\u201d de la nueva sede del Congreso del Estado se llev\u00f3 a cabo la presentaci\u00f3n del libro \u201cDignidad Parlamentaria\u201d, del autor Pedro Jim\u00e9nez Le\u00f3n. &nbsp; Durante la presentaci\u00f3n de esta obra, la diputada Fedrha Isabel Suriano Corrales enfatiz\u00f3 la importancia de que las y los integrantes de la LXII Legislatura contin\u00faen trabajando, con respeto y armon\u00eda, en un solo fin que es el beneficio de las y los poblanos. &nbsp; En su participaci\u00f3n, el autor del libro, Pedro Jim\u00e9nez Le\u00f3n subray\u00f3 que se debe continuar&hellip;Leer m\u00e1s...\" \/>\n<meta property=\"og:url\" content=\"https:\/\/www.aliadospuebla.com\/?p=101491\" \/>\n<meta property=\"og:site_name\" content=\"AliadosPuebla\" \/>\n<meta property=\"article:author\" content=\"https:\/\/www.facebook.com\/Aliados17Pue\" \/>\n<meta property=\"article:published_time\" content=\"2025-02-04T23:12:57+00:00\" \/>\n<meta property=\"og:image\" content=\"https:\/\/www.aliadospuebla.com\/web2017\/wp-content\/uploads\/2025\/02\/435.jpg\" \/>\n\t<meta property=\"og:image:width\" content=\"600\" \/>\n\t<meta property=\"og:image:height\" content=\"450\" \/>\n\t<meta property=\"og:image:type\" content=\"image\/jpeg\" \/>\n<meta name=\"author\" content=\"Aliados17\" \/>\n<meta name=\"twitter:card\" content=\"summary_large_image\" \/>\n<meta name=\"twitter:creator\" content=\"@AliadosPuebla\" \/>\n<meta name=\"twitter:label1\" content=\"Escrito por\" \/>\n\t<meta name=\"twitter:data1\" content=\"Aliados17\" \/>\n\t<meta name=\"twitter:label2\" content=\"Tiempo de lectura\" \/>\n\t<meta name=\"twitter:data2\" content=\"1 minuto\" \/>\n<script type=\"application\/ld+json\" class=\"yoast-schema-graph\">{\"@context\":\"https:\\\/\\\/schema.org\",\"@graph\":[{\"@type\":\"Article\",\"@id\":\"https:\\\/\\\/www.aliadospuebla.com\\\/?p=101491#article\",\"isPartOf\":{\"@id\":\"https:\\\/\\\/www.aliadospuebla.com\\\/?p=101491\"},\"author\":{\"name\":\"Aliados17\",\"@id\":\"https:\\\/\\\/www.aliadospuebla.com\\\/#\\\/schema\\\/person\\\/5da7dd09320bd4f392b710017ed5f8ad\"},\"headline\":\"Presentan en Congreso del Estado el libro \u201cDignidad Parlamentaria\u201d\",\"datePublished\":\"2025-02-04T23:12:57+00:00\",\"mainEntityOfPage\":{\"@id\":\"https:\\\/\\\/www.aliadospuebla.com\\\/?p=101491\"},\"wordCount\":217,\"commentCount\":0,\"image\":{\"@id\":\"https:\\\/\\\/www.aliadospuebla.com\\\/?p=101491#primaryimage\"},\"thumbnailUrl\":\"https:\\\/\\\/www.aliadospuebla.com\\\/web2017\\\/wp-content\\\/uploads\\\/2025\\\/02\\\/435.jpg\",\"keywords\":[\"Congreso del Estado\",\"Dignidad Parlamentaria\",\"Fedrha Isabel Suriano Corrales\",\"Jos\u00e9 Luis Figueroa Cort\u00e9s\",\"Laura Artemisa Garc\u00eda Ch\u00e1vez y Cinthya Gabriela Chumacero Rodr\u00edguez\",\"Pedro Jim\u00e9nez Le\u00f3n\",\"VALORES\"],\"articleSection\":[\"Pol\u00edtica\"],\"inLanguage\":\"es\",\"potentialAction\":[{\"@type\":\"CommentAction\",\"name\":\"Comment\",\"target\":[\"https:\\\/\\\/www.aliadospuebla.com\\\/?p=101491#respond\"]}]},{\"@type\":\"WebPage\",\"@id\":\"https:\\\/\\\/www.aliadospuebla.com\\\/?p=101491\",\"url\":\"https:\\\/\\\/www.aliadospuebla.com\\\/?p=101491\",\"name\":\"Presentan en Congreso del Estado el libro \u201cDignidad Parlamentaria\u201d - AliadosPuebla\",\"isPartOf\":{\"@id\":\"https:\\\/\\\/www.aliadospuebla.com\\\/#website\"},\"primaryImageOfPage\":{\"@id\":\"https:\\\/\\\/www.aliadospuebla.com\\\/?p=101491#primaryimage\"},\"image\":{\"@id\":\"https:\\\/\\\/www.aliadospuebla.com\\\/?p=101491#primaryimage\"},\"thumbnailUrl\":\"https:\\\/\\\/www.aliadospuebla.com\\\/web2017\\\/wp-content\\\/uploads\\\/2025\\\/02\\\/435.jpg\",\"datePublished\":\"2025-02-04T23:12:57+00:00\",\"author\":{\"@id\":\"https:\\\/\\\/www.aliadospuebla.com\\\/#\\\/schema\\\/person\\\/5da7dd09320bd4f392b710017ed5f8ad\"},\"breadcrumb\":{\"@id\":\"https:\\\/\\\/www.aliadospuebla.com\\\/?p=101491#breadcrumb\"},\"inLanguage\":\"es\",\"potentialAction\":[{\"@type\":\"ReadAction\",\"target\":[\"https:\\\/\\\/www.aliadospuebla.com\\\/?p=101491\"]}]},{\"@type\":\"ImageObject\",\"inLanguage\":\"es\",\"@id\":\"https:\\\/\\\/www.aliadospuebla.com\\\/?p=101491#primaryimage\",\"url\":\"https:\\\/\\\/www.aliadospuebla.com\\\/web2017\\\/wp-content\\\/uploads\\\/2025\\\/02\\\/435.jpg\",\"contentUrl\":\"https:\\\/\\\/www.aliadospuebla.com\\\/web2017\\\/wp-content\\\/uploads\\\/2025\\\/02\\\/435.jpg\",\"width\":600,\"height\":450},{\"@type\":\"BreadcrumbList\",\"@id\":\"https:\\\/\\\/www.aliadospuebla.com\\\/?p=101491#breadcrumb\",\"itemListElement\":[{\"@type\":\"ListItem\",\"position\":1,\"name\":\"Portada\",\"item\":\"https:\\\/\\\/www.aliadospuebla.com\\\/\"},{\"@type\":\"ListItem\",\"position\":2,\"name\":\"Presentan en Congreso del Estado el libro \u201cDignidad Parlamentaria\u201d\"}]},{\"@type\":\"WebSite\",\"@id\":\"https:\\\/\\\/www.aliadospuebla.com\\\/#website\",\"url\":\"https:\\\/\\\/www.aliadospuebla.com\\\/\",\"name\":\"AliadosPuebla\",\"description\":\"La informaci\u00f3n en tus manos\",\"potentialAction\":[{\"@type\":\"SearchAction\",\"target\":{\"@type\":\"EntryPoint\",\"urlTemplate\":\"https:\\\/\\\/www.aliadospuebla.com\\\/?s={search_term_string}\"},\"query-input\":{\"@type\":\"PropertyValueSpecification\",\"valueRequired\":true,\"valueName\":\"search_term_string\"}}],\"inLanguage\":\"es\"},{\"@type\":\"Person\",\"@id\":\"https:\\\/\\\/www.aliadospuebla.com\\\/#\\\/schema\\\/person\\\/5da7dd09320bd4f392b710017ed5f8ad\",\"name\":\"Aliados17\",\"image\":{\"@type\":\"ImageObject\",\"inLanguage\":\"es\",\"@id\":\"https:\\\/\\\/www.aliadospuebla.com\\\/web2017\\\/wp-content\\\/uploads\\\/2025\\\/03\\\/cropped-para-perfil-8-anos-1-96x96.jpg\",\"url\":\"https:\\\/\\\/www.aliadospuebla.com\\\/web2017\\\/wp-content\\\/uploads\\\/2025\\\/03\\\/cropped-para-perfil-8-anos-1-96x96.jpg\",\"contentUrl\":\"https:\\\/\\\/www.aliadospuebla.com\\\/web2017\\\/wp-content\\\/uploads\\\/2025\\\/03\\\/cropped-para-perfil-8-anos-1-96x96.jpg\",\"caption\":\"Aliados17\"},\"sameAs\":[\"https:\\\/\\\/www.aliados17.com\",\"https:\\\/\\\/www.facebook.com\\\/Aliados17Pue\",\"https:\\\/\\\/x.com\\\/AliadosPuebla\"],\"url\":\"https:\\\/\\\/www.aliadospuebla.com\\\/?author=2\"}]}<\/script>\n<!-- \/ Yoast SEO plugin. -->","yoast_head_json":{"title":"Presentan en Congreso del Estado el libro \u201cDignidad Parlamentaria\u201d - AliadosPuebla","robots":{"index":"index","follow":"follow","max-snippet":"max-snippet:-1","max-image-preview":"max-image-preview:large","max-video-preview":"max-video-preview:-1"},"canonical":"https:\/\/www.aliadospuebla.com\/?p=101491","og_locale":"es_ES","og_type":"article","og_title":"Presentan en Congreso del Estado el libro \u201cDignidad Parlamentaria\u201d - AliadosPuebla","og_description":"Evento organizado por la diputada Fedrha Isabel Suriano Corrales Con la finalidad de analizar el papel de los Congresos locales en la vida p\u00fablica, a trav\u00e9s de hechos pol\u00edticos como el de Tabasco en 1995; en el Auditorio \u201c18 de Noviembre\u201d de la nueva sede del Congreso del Estado se llev\u00f3 a cabo la presentaci\u00f3n del libro \u201cDignidad Parlamentaria\u201d, del autor Pedro Jim\u00e9nez Le\u00f3n. &nbsp; Durante la presentaci\u00f3n de esta obra, la diputada Fedrha Isabel Suriano Corrales enfatiz\u00f3 la importancia de que las y los integrantes de la LXII Legislatura contin\u00faen trabajando, con respeto y armon\u00eda, en un solo fin que es el beneficio de las y los poblanos. &nbsp; En su participaci\u00f3n, el autor del libro, Pedro Jim\u00e9nez Le\u00f3n subray\u00f3 que se debe continuar&hellip;Leer m\u00e1s...","og_url":"https:\/\/www.aliadospuebla.com\/?p=101491","og_site_name":"AliadosPuebla","article_author":"https:\/\/www.facebook.com\/Aliados17Pue","article_published_time":"2025-02-04T23:12:57+00:00","og_image":[{"width":600,"height":450,"url":"https:\/\/www.aliadospuebla.com\/web2017\/wp-content\/uploads\/2025\/02\/435.jpg","type":"image\/jpeg"}],"author":"Aliados17","twitter_card":"summary_large_image","twitter_creator":"@AliadosPuebla","twitter_misc":{"Escrito por":"Aliados17","Tiempo de lectura":"1 minuto"},"schema":{"@context":"https:\/\/schema.org","@graph":[{"@type":"Article","@id":"https:\/\/www.aliadospuebla.com\/?p=101491#article","isPartOf":{"@id":"https:\/\/www.aliadospuebla.com\/?p=101491"},"author":{"name":"Aliados17","@id":"https:\/\/www.aliadospuebla.com\/#\/schema\/person\/5da7dd09320bd4f392b710017ed5f8ad"},"headline":"Presentan en Congreso del Estado el libro \u201cDignidad Parlamentaria\u201d","datePublished":"2025-02-04T23:12:57+00:00","mainEntityOfPage":{"@id":"https:\/\/www.aliadospuebla.com\/?p=101491"},"wordCount":217,"commentCount":0,"image":{"@id":"https:\/\/www.aliadospuebla.com\/?p=101491#primaryimage"},"thumbnailUrl":"https:\/\/www.aliadospuebla.com\/web2017\/wp-content\/uploads\/2025\/02\/435.jpg","keywords":["Congreso del Estado","Dignidad Parlamentaria","Fedrha Isabel Suriano Corrales","Jos\u00e9 Luis Figueroa Cort\u00e9s","Laura Artemisa Garc\u00eda Ch\u00e1vez y Cinthya Gabriela Chumacero Rodr\u00edguez","Pedro Jim\u00e9nez Le\u00f3n","VALORES"],"articleSection":["Pol\u00edtica"],"inLanguage":"es","potentialAction":[{"@type":"CommentAction","name":"Comment","target":["https:\/\/www.aliadospuebla.com\/?p=101491#respond"]}]},{"@type":"WebPage","@id":"https:\/\/www.aliadospuebla.com\/?p=101491","url":"https:\/\/www.aliadospuebla.com\/?p=101491","name":"Presentan en Congreso del Estado el libro \u201cDignidad Parlamentaria\u201d - AliadosPuebla","isPartOf":{"@id":"https:\/\/www.aliadospuebla.com\/#website"},"primaryImageOfPage":{"@id":"https:\/\/www.aliadospuebla.com\/?p=101491#primaryimage"},"image":{"@id":"https:\/\/www.aliadospuebla.com\/?p=101491#primaryimage"},"thumbnailUrl":"https:\/\/www.aliadospuebla.com\/web2017\/wp-content\/uploads\/2025\/02\/435.jpg","datePublished":"2025-02-04T23:12:57+00:00","author":{"@id":"https:\/\/www.aliadospuebla.com\/#\/schema\/person\/5da7dd09320bd4f392b710017ed5f8ad"},"breadcrumb":{"@id":"https:\/\/www.aliadospuebla.com\/?p=101491#breadcrumb"},"inLanguage":"es","potentialAction":[{"@type":"ReadAction","target":["https:\/\/www.aliadospuebla.com\/?p=101491"]}]},{"@type":"ImageObject","inLanguage":"es","@id":"https:\/\/www.aliadospuebla.com\/?p=101491#primaryimage","url":"https:\/\/www.aliadospuebla.com\/web2017\/wp-content\/uploads\/2025\/02\/435.jpg","contentUrl":"https:\/\/www.aliadospuebla.com\/web2017\/wp-content\/uploads\/2025\/02\/435.jpg","width":600,"height":450},{"@type":"BreadcrumbList","@id":"https:\/\/www.aliadospuebla.com\/?p=101491#breadcrumb","itemListElement":[{"@type":"ListItem","position":1,"name":"Portada","item":"https:\/\/www.aliadospuebla.com\/"},{"@type":"ListItem","position":2,"name":"Presentan en Congreso del Estado el libro \u201cDignidad Parlamentaria\u201d"}]},{"@type":"WebSite","@id":"https:\/\/www.aliadospuebla.com\/#website","url":"https:\/\/www.aliadospuebla.com\/","name":"AliadosPuebla","description":"La informaci\u00f3n en tus manos","potentialAction":[{"@type":"SearchAction","target":{"@type":"EntryPoint","urlTemplate":"https:\/\/www.aliadospuebla.com\/?s={search_term_string}"},"query-input":{"@type":"PropertyValueSpecification","valueRequired":true,"valueName":"search_term_string"}}],"inLanguage":"es"},{"@type":"Person","@id":"https:\/\/www.aliadospuebla.com\/#\/schema\/person\/5da7dd09320bd4f392b710017ed5f8ad","name":"Aliados17","image":{"@type":"ImageObject","inLanguage":"es","@id":"https:\/\/www.aliadospuebla.com\/web2017\/wp-content\/uploads\/2025\/03\/cropped-para-perfil-8-anos-1-96x96.jpg","url":"https:\/\/www.aliadospuebla.com\/web2017\/wp-content\/uploads\/2025\/03\/cropped-para-perfil-8-anos-1-96x96.jpg","contentUrl":"https:\/\/www.aliadospuebla.com\/web2017\/wp-content\/uploads\/2025\/03\/cropped-para-perfil-8-anos-1-96x96.jpg","caption":"Aliados17"},"sameAs":["https:\/\/www.aliados17.com","https:\/\/www.facebook.com\/Aliados17Pue","https:\/\/x.com\/AliadosPuebla"],"url":"https:\/\/www.aliadospuebla.com\/?author=2"}]}},"views":9,"_links":{"self":[{"href":"https:\/\/www.aliadospuebla.com\/index.php?rest_route=\/wp\/v2\/posts\/101491","targetHints":{"allow":["GET"]}}],"collection":[{"href":"https:\/\/www.aliadospuebla.com\/index.php?rest_route=\/wp\/v2\/posts"}],"about":[{"href":"https:\/\/www.aliadospuebla.com\/index.php?rest_route=\/wp\/v2\/types\/post"}],"author":[{"embeddable":true,"href":"https:\/\/www.aliadospuebla.com\/index.php?rest_route=\/wp\/v2\/users\/2"}],"replies":[{"embeddable":true,"href":"https:\/\/www.aliadospuebla.com\/index.php?rest_route=%2Fwp%2Fv2%2Fcomments&post=101491"}],"version-history":[{"count":1,"href":"https:\/\/www.aliadospuebla.com\/index.php?rest_route=\/wp\/v2\/posts\/101491\/revisions"}],"predecessor-version":[{"id":101493,"href":"https:\/\/www.aliadospuebla.com\/index.php?rest_route=\/wp\/v2\/posts\/101491\/revisions\/101493"}],"wp:featuredmedia":[{"embeddable":true,"href":"https:\/\/www.aliadospuebla.com\/index.php?rest_route=\/wp\/v2\/media\/101492"}],"wp:attachment":[{"href":"https:\/\/www.aliadospuebla.com\/index.php?rest_route=%2Fwp%2Fv2%2Fmedia&parent=101491"}],"wp:term":[{"taxonomy":"category","embeddable":true,"href":"https:\/\/www.aliadospuebla.com\/index.php?rest_route=%2Fwp%2Fv2%2Fcategories&post=101491"},{"taxonomy":"post_tag","embeddable":true,"href":"https:\/\/www.aliadospuebla.com\/index.php?rest_route=%2Fwp%2Fv2%2Ftags&post=101491"}],"curies":[{"name":"wp","href":"https:\/\/api.w.org\/{rel}","templated":true}]}}