{"id":101401,"date":"2025-02-01T22:45:33","date_gmt":"2025-02-02T04:45:33","guid":{"rendered":"https:\/\/www.aliadospuebla.com\/?p=101401"},"modified":"2025-02-01T22:45:33","modified_gmt":"2025-02-02T04:45:33","slug":"invita-smdif-al-taller-de-ansiedad-y-depresion-que-imparten-psicologos-expertos-en-el-area","status":"publish","type":"post","link":"https:\/\/www.aliadospuebla.com\/?p=101401","title":{"rendered":"INVITA SMDIF AL TALLER DE ANSIEDAD Y DEPRESI\u00d3N QUE IMPARTEN PSIC\u00d3LOGOS EXPERTOS EN EL \u00c1REA"},"content":{"rendered":"<h4>Las y los participantes desarrollar\u00e1n habilidades cognitivas que les permitan identificar y reestructurar patrones de pensamientos disfuncionales<\/h4>\n<p>Puebla, Puebla. \u2013 En 2024 el Sistema de Salud en M\u00e9xico atendi\u00f3 a m\u00e1s de 300 mil personas<\/p>\n<p>por condiciones de salud mental, el 50 por ciento de estos casos padec\u00edan ansiedad y depresi\u00f3n.<\/p>\n<p>Preocupado y ocupado por estas cifras, el Sistema Municipal DIF (SMDIF),<\/p>\n<p>que encabeza la presidenta MariElise Budib, ha reforzado las campa\u00f1as para sensibilizar<\/p>\n<p>respecto a los trastornos mentales que pueden afectar las relaciones socio afectivas de las y los poblanos.<\/p>\n<p>Es as\u00ed, como a trav\u00e9s del \u00e1rea de Salud Mental, se ofrece el taller de \u201cansiedad y depresi\u00f3n\u201d para identificar,<\/p>\n<p>reconocer y trabajar dichas afecciones. Con el apoyo de especialistas en la materia los participantes<\/p>\n<p>desarrollan habilidades cognitivas que les permiten identificar y reestructurar<\/p>\n<p>patrones de pensamientos disfuncionales, mejorando as\u00ed su capacidad para manejar los trastornos,<\/p>\n<p>promoviendo una mayor resiliencia emocional y calidad de vida.<\/p>\n<h4>El taller de \u201cansiedad y depresi\u00f3n\u201d, lo dirigir\u00e1 el psic\u00f3logo Jorge Guzm\u00e1n, consta de seis m\u00f3dulos y concluye el 27 de febrero, puede ingresar en cualquier momento del curso. Se imparte todos los jueves a las 10:00 horas en la Unidad M\u00e9dica Integral de Servicios (UMI), ubicada en Av. Eduardo Cue Merlo 201, San Baltazar Campeche y es abierto al p\u00fablico en general.<\/h4>\n<p>Los requisitos son:<br \/>\n\u2022 Copia de INE<br \/>\nCopia de CURP<br \/>\n\u2022 Comprobante de domicilio en Puebla Capital<\/p>\n<p>Al finalizar el taller, las personas tendr\u00e1n m\u00e1s conciencia de sus pensamientos y sabr\u00e1n<\/p>\n<p>c\u00f3mo reconocer y transmitir sus emociones a los dem\u00e1s, con el objetivo de tener actitudes positivas o,<\/p>\n<p>incluso, se motiven a darle seguimiento su salud mental a trav\u00e9s de terapia individual.<\/p>\n<p>Cabe destacar que el SMDIF ofrece atenci\u00f3n y acompa\u00f1amiento psicol\u00f3gico en la Unidad M\u00e9dica Integral, de lunes a viernes de 8:00 a 16:00 horas. Para mayores informes, pueden marcar el n\u00famero de tel\u00e9fono 222 214 0000 ext. 220.<\/p>\n","protected":false},"excerpt":{"rendered":"<p>Las y los participantes desarrollar\u00e1n habilidades cognitivas que les permitan identificar y reestructurar patrones de pensamientos disfuncionales Puebla, Puebla. \u2013 En 2024 el Sistema de Salud en M\u00e9xico atendi\u00f3 a m\u00e1s de 300 mil personas por condiciones de salud mental, el 50 por ciento de estos casos padec\u00edan ansiedad y depresi\u00f3n. Preocupado y ocupado por estas cifras, el Sistema Municipal DIF (SMDIF), que encabeza la presidenta MariElise Budib, ha reforzado las campa\u00f1as para sensibilizar respecto a los trastornos mentales que pueden afectar las relaciones socio afectivas de las y los poblanos. Es as\u00ed, como a trav\u00e9s del \u00e1rea de Salud Mental, se ofrece el taller de \u201cansiedad y depresi\u00f3n\u201d para identificar, reconocer y trabajar dichas afecciones. Con el apoyo de especialistas en la materia los&hellip;<\/p>\n<p class=\"excerpt-more\"><a class=\"blog-excerpt button\" href=\"https:\/\/www.aliadospuebla.com\/?p=101401\">Leer m\u00e1s&#8230;<\/a><\/p>\n","protected":false},"author":2,"featured_media":101402,"comment_status":"open","ping_status":"open","sticky":false,"template":"","format":"standard","meta":{"_monsterinsights_skip_tracking":false,"footnotes":""},"categories":[62],"tags":[27322,24949,27321,27320,1797,27319],"class_list":["post-101401","post","type-post","status-publish","format-standard","has-post-thumbnail","hentry","category-capital","tag-habilidades-cognitivas","tag-marielise-budib","tag-pensamientos-disfuncionales","tag-psicologos-expertos","tag-smdif","tag-taller-de-ansiedad"],"yoast_head":"<!-- This site is optimized with the Yoast SEO plugin v28.4 - https:\/\/yoast.com\/product\/yoast-seo-wordpress\/ -->\n<title>INVITA SMDIF AL TALLER DE ANSIEDAD Y DEPRESI\u00d3N QUE IMPARTEN PSIC\u00d3LOGOS EXPERTOS EN EL \u00c1REA - AliadosPuebla<\/title>\n<meta name=\"robots\" content=\"index, follow, max-snippet:-1, max-image-preview:large, max-video-preview:-1\" \/>\n<link rel=\"canonical\" href=\"https:\/\/www.aliadospuebla.com\/?p=101401\" \/>\n<meta property=\"og:locale\" content=\"es_ES\" \/>\n<meta property=\"og:type\" content=\"article\" \/>\n<meta property=\"og:title\" content=\"INVITA SMDIF AL TALLER DE ANSIEDAD Y DEPRESI\u00d3N QUE IMPARTEN PSIC\u00d3LOGOS EXPERTOS EN EL \u00c1REA - AliadosPuebla\" \/>\n<meta property=\"og:description\" content=\"Las y los participantes desarrollar\u00e1n habilidades cognitivas que les permitan identificar y reestructurar patrones de pensamientos disfuncionales Puebla, Puebla. \u2013 En 2024 el Sistema de Salud en M\u00e9xico atendi\u00f3 a m\u00e1s de 300 mil personas por condiciones de salud mental, el 50 por ciento de estos casos padec\u00edan ansiedad y depresi\u00f3n. Preocupado y ocupado por estas cifras, el Sistema Municipal DIF (SMDIF), que encabeza la presidenta MariElise Budib, ha reforzado las campa\u00f1as para sensibilizar respecto a los trastornos mentales que pueden afectar las relaciones socio afectivas de las y los poblanos. Es as\u00ed, como a trav\u00e9s del \u00e1rea de Salud Mental, se ofrece el taller de \u201cansiedad y depresi\u00f3n\u201d para identificar, reconocer y trabajar dichas afecciones. Con el apoyo de especialistas en la materia los&hellip;Leer m\u00e1s...\" \/>\n<meta property=\"og:url\" content=\"https:\/\/www.aliadospuebla.com\/?p=101401\" \/>\n<meta property=\"og:site_name\" content=\"AliadosPuebla\" \/>\n<meta property=\"article:author\" content=\"https:\/\/www.facebook.com\/Aliados17Pue\" \/>\n<meta property=\"article:published_time\" content=\"2025-02-02T04:45:33+00:00\" \/>\n<meta property=\"og:image\" content=\"https:\/\/www.aliadospuebla.com\/web2017\/wp-content\/uploads\/2025\/02\/411.jpg\" \/>\n\t<meta property=\"og:image:width\" content=\"600\" \/>\n\t<meta property=\"og:image:height\" content=\"450\" \/>\n\t<meta property=\"og:image:type\" content=\"image\/jpeg\" \/>\n<meta name=\"author\" content=\"Aliados17\" \/>\n<meta name=\"twitter:card\" content=\"summary_large_image\" \/>\n<meta name=\"twitter:creator\" content=\"@AliadosPuebla\" \/>\n<meta name=\"twitter:label1\" content=\"Escrito por\" \/>\n\t<meta name=\"twitter:data1\" content=\"Aliados17\" \/>\n\t<meta name=\"twitter:label2\" content=\"Tiempo de lectura\" \/>\n\t<meta name=\"twitter:data2\" content=\"2 minutos\" \/>\n<script type=\"application\/ld+json\" class=\"yoast-schema-graph\">{\"@context\":\"https:\\\/\\\/schema.org\",\"@graph\":[{\"@type\":\"Article\",\"@id\":\"https:\\\/\\\/www.aliadospuebla.com\\\/?p=101401#article\",\"isPartOf\":{\"@id\":\"https:\\\/\\\/www.aliadospuebla.com\\\/?p=101401\"},\"author\":{\"name\":\"Aliados17\",\"@id\":\"https:\\\/\\\/www.aliadospuebla.com\\\/#\\\/schema\\\/person\\\/5da7dd09320bd4f392b710017ed5f8ad\"},\"headline\":\"INVITA SMDIF AL TALLER DE ANSIEDAD Y DEPRESI\u00d3N QUE IMPARTEN PSIC\u00d3LOGOS EXPERTOS EN EL \u00c1REA\",\"datePublished\":\"2025-02-02T04:45:33+00:00\",\"mainEntityOfPage\":{\"@id\":\"https:\\\/\\\/www.aliadospuebla.com\\\/?p=101401\"},\"wordCount\":347,\"commentCount\":0,\"image\":{\"@id\":\"https:\\\/\\\/www.aliadospuebla.com\\\/?p=101401#primaryimage\"},\"thumbnailUrl\":\"https:\\\/\\\/www.aliadospuebla.com\\\/web2017\\\/wp-content\\\/uploads\\\/2025\\\/02\\\/411.jpg\",\"keywords\":[\"habilidades cognitivas\",\"MARIELISE BUDIB\",\"pensamientos disfuncionales\",\"PSIC\u00d3LOGOS EXPERTOS\",\"SMDIF\",\"TALLER DE ANSIEDAD\"],\"articleSection\":[\"Capital\"],\"inLanguage\":\"es\",\"potentialAction\":[{\"@type\":\"CommentAction\",\"name\":\"Comment\",\"target\":[\"https:\\\/\\\/www.aliadospuebla.com\\\/?p=101401#respond\"]}]},{\"@type\":\"WebPage\",\"@id\":\"https:\\\/\\\/www.aliadospuebla.com\\\/?p=101401\",\"url\":\"https:\\\/\\\/www.aliadospuebla.com\\\/?p=101401\",\"name\":\"INVITA SMDIF AL TALLER DE ANSIEDAD Y DEPRESI\u00d3N QUE IMPARTEN PSIC\u00d3LOGOS EXPERTOS EN EL \u00c1REA - AliadosPuebla\",\"isPartOf\":{\"@id\":\"https:\\\/\\\/www.aliadospuebla.com\\\/#website\"},\"primaryImageOfPage\":{\"@id\":\"https:\\\/\\\/www.aliadospuebla.com\\\/?p=101401#primaryimage\"},\"image\":{\"@id\":\"https:\\\/\\\/www.aliadospuebla.com\\\/?p=101401#primaryimage\"},\"thumbnailUrl\":\"https:\\\/\\\/www.aliadospuebla.com\\\/web2017\\\/wp-content\\\/uploads\\\/2025\\\/02\\\/411.jpg\",\"datePublished\":\"2025-02-02T04:45:33+00:00\",\"author\":{\"@id\":\"https:\\\/\\\/www.aliadospuebla.com\\\/#\\\/schema\\\/person\\\/5da7dd09320bd4f392b710017ed5f8ad\"},\"breadcrumb\":{\"@id\":\"https:\\\/\\\/www.aliadospuebla.com\\\/?p=101401#breadcrumb\"},\"inLanguage\":\"es\",\"potentialAction\":[{\"@type\":\"ReadAction\",\"target\":[\"https:\\\/\\\/www.aliadospuebla.com\\\/?p=101401\"]}]},{\"@type\":\"ImageObject\",\"inLanguage\":\"es\",\"@id\":\"https:\\\/\\\/www.aliadospuebla.com\\\/?p=101401#primaryimage\",\"url\":\"https:\\\/\\\/www.aliadospuebla.com\\\/web2017\\\/wp-content\\\/uploads\\\/2025\\\/02\\\/411.jpg\",\"contentUrl\":\"https:\\\/\\\/www.aliadospuebla.com\\\/web2017\\\/wp-content\\\/uploads\\\/2025\\\/02\\\/411.jpg\",\"width\":600,\"height\":450},{\"@type\":\"BreadcrumbList\",\"@id\":\"https:\\\/\\\/www.aliadospuebla.com\\\/?p=101401#breadcrumb\",\"itemListElement\":[{\"@type\":\"ListItem\",\"position\":1,\"name\":\"Portada\",\"item\":\"https:\\\/\\\/www.aliadospuebla.com\\\/\"},{\"@type\":\"ListItem\",\"position\":2,\"name\":\"INVITA SMDIF AL TALLER DE ANSIEDAD Y DEPRESI\u00d3N QUE IMPARTEN PSIC\u00d3LOGOS EXPERTOS EN EL \u00c1REA\"}]},{\"@type\":\"WebSite\",\"@id\":\"https:\\\/\\\/www.aliadospuebla.com\\\/#website\",\"url\":\"https:\\\/\\\/www.aliadospuebla.com\\\/\",\"name\":\"AliadosPuebla\",\"description\":\"La informaci\u00f3n en tus manos\",\"potentialAction\":[{\"@type\":\"SearchAction\",\"target\":{\"@type\":\"EntryPoint\",\"urlTemplate\":\"https:\\\/\\\/www.aliadospuebla.com\\\/?s={search_term_string}\"},\"query-input\":{\"@type\":\"PropertyValueSpecification\",\"valueRequired\":true,\"valueName\":\"search_term_string\"}}],\"inLanguage\":\"es\"},{\"@type\":\"Person\",\"@id\":\"https:\\\/\\\/www.aliadospuebla.com\\\/#\\\/schema\\\/person\\\/5da7dd09320bd4f392b710017ed5f8ad\",\"name\":\"Aliados17\",\"image\":{\"@type\":\"ImageObject\",\"inLanguage\":\"es\",\"@id\":\"https:\\\/\\\/www.aliadospuebla.com\\\/web2017\\\/wp-content\\\/uploads\\\/2025\\\/03\\\/cropped-para-perfil-8-anos-1-96x96.jpg\",\"url\":\"https:\\\/\\\/www.aliadospuebla.com\\\/web2017\\\/wp-content\\\/uploads\\\/2025\\\/03\\\/cropped-para-perfil-8-anos-1-96x96.jpg\",\"contentUrl\":\"https:\\\/\\\/www.aliadospuebla.com\\\/web2017\\\/wp-content\\\/uploads\\\/2025\\\/03\\\/cropped-para-perfil-8-anos-1-96x96.jpg\",\"caption\":\"Aliados17\"},\"sameAs\":[\"https:\\\/\\\/www.aliados17.com\",\"https:\\\/\\\/www.facebook.com\\\/Aliados17Pue\",\"https:\\\/\\\/x.com\\\/AliadosPuebla\"],\"url\":\"https:\\\/\\\/www.aliadospuebla.com\\\/?author=2\"}]}<\/script>\n<!-- \/ Yoast SEO plugin. -->","yoast_head_json":{"title":"INVITA SMDIF AL TALLER DE ANSIEDAD Y DEPRESI\u00d3N QUE IMPARTEN PSIC\u00d3LOGOS EXPERTOS EN EL \u00c1REA - AliadosPuebla","robots":{"index":"index","follow":"follow","max-snippet":"max-snippet:-1","max-image-preview":"max-image-preview:large","max-video-preview":"max-video-preview:-1"},"canonical":"https:\/\/www.aliadospuebla.com\/?p=101401","og_locale":"es_ES","og_type":"article","og_title":"INVITA SMDIF AL TALLER DE ANSIEDAD Y DEPRESI\u00d3N QUE IMPARTEN PSIC\u00d3LOGOS EXPERTOS EN EL \u00c1REA - AliadosPuebla","og_description":"Las y los participantes desarrollar\u00e1n habilidades cognitivas que les permitan identificar y reestructurar patrones de pensamientos disfuncionales Puebla, Puebla. \u2013 En 2024 el Sistema de Salud en M\u00e9xico atendi\u00f3 a m\u00e1s de 300 mil personas por condiciones de salud mental, el 50 por ciento de estos casos padec\u00edan ansiedad y depresi\u00f3n. Preocupado y ocupado por estas cifras, el Sistema Municipal DIF (SMDIF), que encabeza la presidenta MariElise Budib, ha reforzado las campa\u00f1as para sensibilizar respecto a los trastornos mentales que pueden afectar las relaciones socio afectivas de las y los poblanos. Es as\u00ed, como a trav\u00e9s del \u00e1rea de Salud Mental, se ofrece el taller de \u201cansiedad y depresi\u00f3n\u201d para identificar, reconocer y trabajar dichas afecciones. Con el apoyo de especialistas en la materia los&hellip;Leer m\u00e1s...","og_url":"https:\/\/www.aliadospuebla.com\/?p=101401","og_site_name":"AliadosPuebla","article_author":"https:\/\/www.facebook.com\/Aliados17Pue","article_published_time":"2025-02-02T04:45:33+00:00","og_image":[{"width":600,"height":450,"url":"https:\/\/www.aliadospuebla.com\/web2017\/wp-content\/uploads\/2025\/02\/411.jpg","type":"image\/jpeg"}],"author":"Aliados17","twitter_card":"summary_large_image","twitter_creator":"@AliadosPuebla","twitter_misc":{"Escrito por":"Aliados17","Tiempo de lectura":"2 minutos"},"schema":{"@context":"https:\/\/schema.org","@graph":[{"@type":"Article","@id":"https:\/\/www.aliadospuebla.com\/?p=101401#article","isPartOf":{"@id":"https:\/\/www.aliadospuebla.com\/?p=101401"},"author":{"name":"Aliados17","@id":"https:\/\/www.aliadospuebla.com\/#\/schema\/person\/5da7dd09320bd4f392b710017ed5f8ad"},"headline":"INVITA SMDIF AL TALLER DE ANSIEDAD Y DEPRESI\u00d3N QUE IMPARTEN PSIC\u00d3LOGOS EXPERTOS EN EL \u00c1REA","datePublished":"2025-02-02T04:45:33+00:00","mainEntityOfPage":{"@id":"https:\/\/www.aliadospuebla.com\/?p=101401"},"wordCount":347,"commentCount":0,"image":{"@id":"https:\/\/www.aliadospuebla.com\/?p=101401#primaryimage"},"thumbnailUrl":"https:\/\/www.aliadospuebla.com\/web2017\/wp-content\/uploads\/2025\/02\/411.jpg","keywords":["habilidades cognitivas","MARIELISE BUDIB","pensamientos disfuncionales","PSIC\u00d3LOGOS EXPERTOS","SMDIF","TALLER DE ANSIEDAD"],"articleSection":["Capital"],"inLanguage":"es","potentialAction":[{"@type":"CommentAction","name":"Comment","target":["https:\/\/www.aliadospuebla.com\/?p=101401#respond"]}]},{"@type":"WebPage","@id":"https:\/\/www.aliadospuebla.com\/?p=101401","url":"https:\/\/www.aliadospuebla.com\/?p=101401","name":"INVITA SMDIF AL TALLER DE ANSIEDAD Y DEPRESI\u00d3N QUE IMPARTEN PSIC\u00d3LOGOS EXPERTOS EN EL \u00c1REA - AliadosPuebla","isPartOf":{"@id":"https:\/\/www.aliadospuebla.com\/#website"},"primaryImageOfPage":{"@id":"https:\/\/www.aliadospuebla.com\/?p=101401#primaryimage"},"image":{"@id":"https:\/\/www.aliadospuebla.com\/?p=101401#primaryimage"},"thumbnailUrl":"https:\/\/www.aliadospuebla.com\/web2017\/wp-content\/uploads\/2025\/02\/411.jpg","datePublished":"2025-02-02T04:45:33+00:00","author":{"@id":"https:\/\/www.aliadospuebla.com\/#\/schema\/person\/5da7dd09320bd4f392b710017ed5f8ad"},"breadcrumb":{"@id":"https:\/\/www.aliadospuebla.com\/?p=101401#breadcrumb"},"inLanguage":"es","potentialAction":[{"@type":"ReadAction","target":["https:\/\/www.aliadospuebla.com\/?p=101401"]}]},{"@type":"ImageObject","inLanguage":"es","@id":"https:\/\/www.aliadospuebla.com\/?p=101401#primaryimage","url":"https:\/\/www.aliadospuebla.com\/web2017\/wp-content\/uploads\/2025\/02\/411.jpg","contentUrl":"https:\/\/www.aliadospuebla.com\/web2017\/wp-content\/uploads\/2025\/02\/411.jpg","width":600,"height":450},{"@type":"BreadcrumbList","@id":"https:\/\/www.aliadospuebla.com\/?p=101401#breadcrumb","itemListElement":[{"@type":"ListItem","position":1,"name":"Portada","item":"https:\/\/www.aliadospuebla.com\/"},{"@type":"ListItem","position":2,"name":"INVITA SMDIF AL TALLER DE ANSIEDAD Y DEPRESI\u00d3N QUE IMPARTEN PSIC\u00d3LOGOS EXPERTOS EN EL \u00c1REA"}]},{"@type":"WebSite","@id":"https:\/\/www.aliadospuebla.com\/#website","url":"https:\/\/www.aliadospuebla.com\/","name":"AliadosPuebla","description":"La informaci\u00f3n en tus manos","potentialAction":[{"@type":"SearchAction","target":{"@type":"EntryPoint","urlTemplate":"https:\/\/www.aliadospuebla.com\/?s={search_term_string}"},"query-input":{"@type":"PropertyValueSpecification","valueRequired":true,"valueName":"search_term_string"}}],"inLanguage":"es"},{"@type":"Person","@id":"https:\/\/www.aliadospuebla.com\/#\/schema\/person\/5da7dd09320bd4f392b710017ed5f8ad","name":"Aliados17","image":{"@type":"ImageObject","inLanguage":"es","@id":"https:\/\/www.aliadospuebla.com\/web2017\/wp-content\/uploads\/2025\/03\/cropped-para-perfil-8-anos-1-96x96.jpg","url":"https:\/\/www.aliadospuebla.com\/web2017\/wp-content\/uploads\/2025\/03\/cropped-para-perfil-8-anos-1-96x96.jpg","contentUrl":"https:\/\/www.aliadospuebla.com\/web2017\/wp-content\/uploads\/2025\/03\/cropped-para-perfil-8-anos-1-96x96.jpg","caption":"Aliados17"},"sameAs":["https:\/\/www.aliados17.com","https:\/\/www.facebook.com\/Aliados17Pue","https:\/\/x.com\/AliadosPuebla"],"url":"https:\/\/www.aliadospuebla.com\/?author=2"}]}},"views":12,"_links":{"self":[{"href":"https:\/\/www.aliadospuebla.com\/index.php?rest_route=\/wp\/v2\/posts\/101401","targetHints":{"allow":["GET"]}}],"collection":[{"href":"https:\/\/www.aliadospuebla.com\/index.php?rest_route=\/wp\/v2\/posts"}],"about":[{"href":"https:\/\/www.aliadospuebla.com\/index.php?rest_route=\/wp\/v2\/types\/post"}],"author":[{"embeddable":true,"href":"https:\/\/www.aliadospuebla.com\/index.php?rest_route=\/wp\/v2\/users\/2"}],"replies":[{"embeddable":true,"href":"https:\/\/www.aliadospuebla.com\/index.php?rest_route=%2Fwp%2Fv2%2Fcomments&post=101401"}],"version-history":[{"count":1,"href":"https:\/\/www.aliadospuebla.com\/index.php?rest_route=\/wp\/v2\/posts\/101401\/revisions"}],"predecessor-version":[{"id":101403,"href":"https:\/\/www.aliadospuebla.com\/index.php?rest_route=\/wp\/v2\/posts\/101401\/revisions\/101403"}],"wp:featuredmedia":[{"embeddable":true,"href":"https:\/\/www.aliadospuebla.com\/index.php?rest_route=\/wp\/v2\/media\/101402"}],"wp:attachment":[{"href":"https:\/\/www.aliadospuebla.com\/index.php?rest_route=%2Fwp%2Fv2%2Fmedia&parent=101401"}],"wp:term":[{"taxonomy":"category","embeddable":true,"href":"https:\/\/www.aliadospuebla.com\/index.php?rest_route=%2Fwp%2Fv2%2Fcategories&post=101401"},{"taxonomy":"post_tag","embeddable":true,"href":"https:\/\/www.aliadospuebla.com\/index.php?rest_route=%2Fwp%2Fv2%2Ftags&post=101401"}],"curies":[{"name":"wp","href":"https:\/\/api.w.org\/{rel}","templated":true}]}}