{"id":101350,"date":"2025-01-30T22:13:13","date_gmt":"2025-01-31T04:13:13","guid":{"rendered":"https:\/\/www.aliados17.com\/?p=101350"},"modified":"2025-01-30T22:13:13","modified_gmt":"2025-01-31T04:13:13","slug":"presenta-pepe-chedraui-programa-entornos-de-movilidad-segura","status":"publish","type":"post","link":"https:\/\/www.aliadospuebla.com\/?p=101350","title":{"rendered":"Presenta Pepe Chedraui Programa Entornos de Movilidad Segura"},"content":{"rendered":"<h4>\u00a0En Puebla el peat\u00f3n es nuestra prioridad: Pepe Chedraui<\/h4>\n<p>Se intervendr\u00e1n 10 intersecciones de la capital identificadas con mayor \u00edndice de siniestros viales<\/p>\n<p>Con el objetivo de fortalecer la seguridad vial, reducir siniestros viales y fallecimientos por estas causas en la capital,<\/p>\n<p>el presidente municipal, Pepe Chedraui Budib, encabez\u00f3 la presentaci\u00f3n del Programa Entornos de Movilidad Segura.<\/p>\n<p>En su mensaje, el edil capitalino mencion\u00f3 que, la ciudad cuenta con mil 27 intersecciones semaforizadas,<\/p>\n<p>de las cuales, el 28 por ciento est\u00e1n integradas al sistema de monitoreo centralizado.<\/p>\n<p>Por ello, se trabaja con la finalidad de incrementar las labores de monitoreo de la red hasta en un casi 50 por ciento.<\/p>\n<p>\u201cEn Puebla el peat\u00f3n es nuestra prioridad, iniciaremos la intervenci\u00f3n de 10 cruceros<\/p>\n<p>con mayor \u00edndice de siniestros viales. Estamos convencidos en trabajar con los especialistas<\/p>\n<p>para que nuestros cruceros sean seguros, accesibles e incluyentes\u201d, expres\u00f3.<\/p>\n<p>Por su parte, el secretario de Movilidad e Infraestructura, David Aysa,<\/p>\n<p>inform\u00f3 que, en M\u00e9xico m\u00e1s de 16 mil personas fallecen al a\u00f1o a causa de siniestros viales,<\/p>\n<p>es decir 44 personas al d\u00eda y en Puebla, del a\u00f1o 2015 a la fecha han fallecido 698 personas por este motivo.<\/p>\n<p>\u201cEntre los cruceros que estaremos interviniendo se encuentran: Bulevar Municipio Libre<\/p>\n<p>y Avenida 14 Sur, Diagonal Defensores de la Rep\u00fablica y 18 de Noviembre, Diagonal<\/p>\n<p>Defensores de la Rep\u00fablica y Gral. Ignacio Zaragoza, 31 Oriente y Bulevar H\u00e9roes del 5 de Mayo,<\/p>\n<p>Avenida Reforma y 35 Norte, Carlos Camacho Esp\u00edritu y Avenida 24 Sur, Calle del Casco<\/p>\n<p>y Bulevar Xonacatepec, Nezahualc\u00f3yotl y Camino al Bat\u00e1n, as\u00ed como 18 de Noviembre y Calle H\u201d, puntualiz\u00f3.<\/p>\n<h4>En su intervenci\u00f3n, el subsecretario de Movilidad y Seguridad Vial, Norman Campos Vel\u00e1zquez, explic\u00f3 que la implementaci\u00f3n de este programa permitir\u00e1 fortalecer la infraestructura peatonal con criterios de seguridad vial, la pacificaci\u00f3n de intersecciones y reducci\u00f3n de velocidades, el mejoramiento de la imagen urbana y la instalaci\u00f3n de tecnolog\u00eda para el monitoreo y evaluaci\u00f3n permanente en intersecciones.<\/h4>\n<p>\u201cCon estas acciones reduciremos el tiempo y distancia de traslado, contaremos con se\u00f1alamientos viales,<\/p>\n<p>sem\u00e1foros peatonales audibles, reducci\u00f3n de velocidades, adecuaciones y radios de giro,<\/p>\n<p>mobiliario urbano con accesibilidad, infraestructura para movilidad activa,<\/p>\n<p>creaci\u00f3n de zonas de tr\u00e1fico calmado, semaforizaci\u00f3n inteligente, iluminaci\u00f3n en intersecciones y cruces,<\/p>\n<p>as\u00ed como enlace al centro de control semaf\u00f3rico\u201d, destac\u00f3.<\/p>\n<p>En su momento, la fundadora de Manu Vive A.C., Luz del Carmen Zenteno mencion\u00f3 que, M\u00e9xico<\/p>\n<p>es el primer pa\u00eds que contempla la seguridad vial como un derecho humano de movilidad segura,<\/p>\n<p>sustentable e incluyente.<\/p>\n<p>\u201cLa seguridad vial es un derecho humano. Por ello, celebro que el alcalde Pepe Chedraui impulse iniciativas que permitir\u00e1n salvar vidas y reducir los siniestros viales en nuestra ciudad\u201d, coment\u00f3.<\/p>\n<p>Finalmente, el cofundador de Ciudad Activa A.C., Giovanni Zayas detall\u00f3 que, los siniestros viales es la principal causa de muerte en la ni\u00f1ez, de ah\u00ed la necesidad de implementar estrat\u00e9gicas que contribuyan a reducir los riesgos para este sector de la poblaci\u00f3n.<\/p>\n","protected":false},"excerpt":{"rendered":"<p>\u00a0En Puebla el peat\u00f3n es nuestra prioridad: Pepe Chedraui Se intervendr\u00e1n 10 intersecciones de la capital identificadas con mayor \u00edndice de siniestros viales Con el objetivo de fortalecer la seguridad vial, reducir siniestros viales y fallecimientos por estas causas en la capital, el presidente municipal, Pepe Chedraui Budib, encabez\u00f3 la presentaci\u00f3n del Programa Entornos de Movilidad Segura. En su mensaje, el edil capitalino mencion\u00f3 que, la ciudad cuenta con mil 27 intersecciones semaforizadas, de las cuales, el 28 por ciento est\u00e1n integradas al sistema de monitoreo centralizado. Por ello, se trabaja con la finalidad de incrementar las labores de monitoreo de la red hasta en un casi 50 por ciento. \u201cEn Puebla el peat\u00f3n es nuestra prioridad, iniciaremos la intervenci\u00f3n de 10 cruceros con mayor&hellip;<\/p>\n<p class=\"excerpt-more\"><a class=\"blog-excerpt button\" href=\"https:\/\/www.aliadospuebla.com\/?p=101350\">Leer m\u00e1s&#8230;<\/a><\/p>\n","protected":false},"author":2,"featured_media":101351,"comment_status":"open","ping_status":"open","sticky":false,"template":"","format":"standard","meta":{"_monsterinsights_skip_tracking":false,"footnotes":""},"categories":[62],"tags":[27299,27295,27297,27298,20612,27296,3655,25530],"class_list":["post-101350","post","type-post","status-publish","format-standard","has-post-thumbnail","hentry","category-capital","tag-cruceros","tag-entornos-de-movilidad-segura","tag-intersecciones","tag-monitoreo-centralizado","tag-pepe-chedraui","tag-reducir-siniestros-viales","tag-seguridad-vial","tag-siniestros-viales"],"yoast_head":"<!-- This site is optimized with the Yoast SEO plugin v28.4 - https:\/\/yoast.com\/product\/yoast-seo-wordpress\/ -->\n<title>Presenta Pepe Chedraui Programa Entornos de Movilidad Segura - AliadosPuebla<\/title>\n<meta name=\"robots\" content=\"index, follow, max-snippet:-1, max-image-preview:large, max-video-preview:-1\" \/>\n<link rel=\"canonical\" href=\"https:\/\/www.aliadospuebla.com\/?p=101350\" \/>\n<meta property=\"og:locale\" content=\"es_ES\" \/>\n<meta property=\"og:type\" content=\"article\" \/>\n<meta property=\"og:title\" content=\"Presenta Pepe Chedraui Programa Entornos de Movilidad Segura - AliadosPuebla\" \/>\n<meta property=\"og:description\" content=\"\u00a0En Puebla el peat\u00f3n es nuestra prioridad: Pepe Chedraui Se intervendr\u00e1n 10 intersecciones de la capital identificadas con mayor \u00edndice de siniestros viales Con el objetivo de fortalecer la seguridad vial, reducir siniestros viales y fallecimientos por estas causas en la capital, el presidente municipal, Pepe Chedraui Budib, encabez\u00f3 la presentaci\u00f3n del Programa Entornos de Movilidad Segura. En su mensaje, el edil capitalino mencion\u00f3 que, la ciudad cuenta con mil 27 intersecciones semaforizadas, de las cuales, el 28 por ciento est\u00e1n integradas al sistema de monitoreo centralizado. Por ello, se trabaja con la finalidad de incrementar las labores de monitoreo de la red hasta en un casi 50 por ciento. \u201cEn Puebla el peat\u00f3n es nuestra prioridad, iniciaremos la intervenci\u00f3n de 10 cruceros con mayor&hellip;Leer m\u00e1s...\" \/>\n<meta property=\"og:url\" content=\"https:\/\/www.aliadospuebla.com\/?p=101350\" \/>\n<meta property=\"og:site_name\" content=\"AliadosPuebla\" \/>\n<meta property=\"article:author\" content=\"https:\/\/www.facebook.com\/Aliados17Pue\" \/>\n<meta property=\"article:published_time\" content=\"2025-01-31T04:13:13+00:00\" \/>\n<meta property=\"og:image\" content=\"https:\/\/www.aliadospuebla.com\/web2017\/wp-content\/uploads\/2025\/01\/398.jpg\" \/>\n\t<meta property=\"og:image:width\" content=\"600\" \/>\n\t<meta property=\"og:image:height\" content=\"450\" \/>\n\t<meta property=\"og:image:type\" content=\"image\/jpeg\" \/>\n<meta name=\"author\" content=\"Aliados17\" \/>\n<meta name=\"twitter:card\" content=\"summary_large_image\" \/>\n<meta name=\"twitter:creator\" content=\"@AliadosPuebla\" \/>\n<meta name=\"twitter:label1\" content=\"Escrito por\" \/>\n\t<meta name=\"twitter:data1\" content=\"Aliados17\" \/>\n<script type=\"application\/ld+json\" class=\"yoast-schema-graph\">{\"@context\":\"https:\\\/\\\/schema.org\",\"@graph\":[{\"@type\":\"Article\",\"@id\":\"https:\\\/\\\/www.aliadospuebla.com\\\/?p=101350#article\",\"isPartOf\":{\"@id\":\"https:\\\/\\\/www.aliadospuebla.com\\\/?p=101350\"},\"author\":{\"name\":\"Aliados17\",\"@id\":\"https:\\\/\\\/www.aliadospuebla.com\\\/#\\\/schema\\\/person\\\/5da7dd09320bd4f392b710017ed5f8ad\"},\"headline\":\"Presenta Pepe Chedraui Programa Entornos de Movilidad Segura\",\"datePublished\":\"2025-01-31T04:13:13+00:00\",\"mainEntityOfPage\":{\"@id\":\"https:\\\/\\\/www.aliadospuebla.com\\\/?p=101350\"},\"wordCount\":522,\"commentCount\":0,\"image\":{\"@id\":\"https:\\\/\\\/www.aliadospuebla.com\\\/?p=101350#primaryimage\"},\"thumbnailUrl\":\"https:\\\/\\\/www.aliadospuebla.com\\\/web2017\\\/wp-content\\\/uploads\\\/2025\\\/01\\\/398.jpg\",\"keywords\":[\"cruceros\",\"Entornos de Movilidad Segura\",\"intersecciones\",\"monitoreo centralizado\",\"Pepe Chedraui\",\"reducir siniestros viales\",\"SEGURIDAD VIAL\",\"siniestros viales\"],\"articleSection\":[\"Capital\"],\"inLanguage\":\"es\",\"potentialAction\":[{\"@type\":\"CommentAction\",\"name\":\"Comment\",\"target\":[\"https:\\\/\\\/www.aliadospuebla.com\\\/?p=101350#respond\"]}]},{\"@type\":\"WebPage\",\"@id\":\"https:\\\/\\\/www.aliadospuebla.com\\\/?p=101350\",\"url\":\"https:\\\/\\\/www.aliadospuebla.com\\\/?p=101350\",\"name\":\"Presenta Pepe Chedraui Programa Entornos de Movilidad Segura - AliadosPuebla\",\"isPartOf\":{\"@id\":\"https:\\\/\\\/www.aliadospuebla.com\\\/#website\"},\"primaryImageOfPage\":{\"@id\":\"https:\\\/\\\/www.aliadospuebla.com\\\/?p=101350#primaryimage\"},\"image\":{\"@id\":\"https:\\\/\\\/www.aliadospuebla.com\\\/?p=101350#primaryimage\"},\"thumbnailUrl\":\"https:\\\/\\\/www.aliadospuebla.com\\\/web2017\\\/wp-content\\\/uploads\\\/2025\\\/01\\\/398.jpg\",\"datePublished\":\"2025-01-31T04:13:13+00:00\",\"author\":{\"@id\":\"https:\\\/\\\/www.aliadospuebla.com\\\/#\\\/schema\\\/person\\\/5da7dd09320bd4f392b710017ed5f8ad\"},\"breadcrumb\":{\"@id\":\"https:\\\/\\\/www.aliadospuebla.com\\\/?p=101350#breadcrumb\"},\"inLanguage\":\"es\",\"potentialAction\":[{\"@type\":\"ReadAction\",\"target\":[\"https:\\\/\\\/www.aliadospuebla.com\\\/?p=101350\"]}]},{\"@type\":\"ImageObject\",\"inLanguage\":\"es\",\"@id\":\"https:\\\/\\\/www.aliadospuebla.com\\\/?p=101350#primaryimage\",\"url\":\"https:\\\/\\\/www.aliadospuebla.com\\\/web2017\\\/wp-content\\\/uploads\\\/2025\\\/01\\\/398.jpg\",\"contentUrl\":\"https:\\\/\\\/www.aliadospuebla.com\\\/web2017\\\/wp-content\\\/uploads\\\/2025\\\/01\\\/398.jpg\",\"width\":600,\"height\":450},{\"@type\":\"BreadcrumbList\",\"@id\":\"https:\\\/\\\/www.aliadospuebla.com\\\/?p=101350#breadcrumb\",\"itemListElement\":[{\"@type\":\"ListItem\",\"position\":1,\"name\":\"Portada\",\"item\":\"https:\\\/\\\/www.aliadospuebla.com\\\/\"},{\"@type\":\"ListItem\",\"position\":2,\"name\":\"Presenta Pepe Chedraui Programa Entornos de Movilidad Segura\"}]},{\"@type\":\"WebSite\",\"@id\":\"https:\\\/\\\/www.aliadospuebla.com\\\/#website\",\"url\":\"https:\\\/\\\/www.aliadospuebla.com\\\/\",\"name\":\"AliadosPuebla\",\"description\":\"La informaci\u00f3n en tus manos\",\"potentialAction\":[{\"@type\":\"SearchAction\",\"target\":{\"@type\":\"EntryPoint\",\"urlTemplate\":\"https:\\\/\\\/www.aliadospuebla.com\\\/?s={search_term_string}\"},\"query-input\":{\"@type\":\"PropertyValueSpecification\",\"valueRequired\":true,\"valueName\":\"search_term_string\"}}],\"inLanguage\":\"es\"},{\"@type\":\"Person\",\"@id\":\"https:\\\/\\\/www.aliadospuebla.com\\\/#\\\/schema\\\/person\\\/5da7dd09320bd4f392b710017ed5f8ad\",\"name\":\"Aliados17\",\"image\":{\"@type\":\"ImageObject\",\"inLanguage\":\"es\",\"@id\":\"https:\\\/\\\/www.aliadospuebla.com\\\/web2017\\\/wp-content\\\/uploads\\\/2025\\\/03\\\/cropped-para-perfil-8-anos-1-96x96.jpg\",\"url\":\"https:\\\/\\\/www.aliadospuebla.com\\\/web2017\\\/wp-content\\\/uploads\\\/2025\\\/03\\\/cropped-para-perfil-8-anos-1-96x96.jpg\",\"contentUrl\":\"https:\\\/\\\/www.aliadospuebla.com\\\/web2017\\\/wp-content\\\/uploads\\\/2025\\\/03\\\/cropped-para-perfil-8-anos-1-96x96.jpg\",\"caption\":\"Aliados17\"},\"sameAs\":[\"https:\\\/\\\/www.aliados17.com\",\"https:\\\/\\\/www.facebook.com\\\/Aliados17Pue\",\"https:\\\/\\\/x.com\\\/AliadosPuebla\"],\"url\":\"https:\\\/\\\/www.aliadospuebla.com\\\/?author=2\"}]}<\/script>\n<!-- \/ Yoast SEO plugin. -->","yoast_head_json":{"title":"Presenta Pepe Chedraui Programa Entornos de Movilidad Segura - AliadosPuebla","robots":{"index":"index","follow":"follow","max-snippet":"max-snippet:-1","max-image-preview":"max-image-preview:large","max-video-preview":"max-video-preview:-1"},"canonical":"https:\/\/www.aliadospuebla.com\/?p=101350","og_locale":"es_ES","og_type":"article","og_title":"Presenta Pepe Chedraui Programa Entornos de Movilidad Segura - AliadosPuebla","og_description":"\u00a0En Puebla el peat\u00f3n es nuestra prioridad: Pepe Chedraui Se intervendr\u00e1n 10 intersecciones de la capital identificadas con mayor \u00edndice de siniestros viales Con el objetivo de fortalecer la seguridad vial, reducir siniestros viales y fallecimientos por estas causas en la capital, el presidente municipal, Pepe Chedraui Budib, encabez\u00f3 la presentaci\u00f3n del Programa Entornos de Movilidad Segura. En su mensaje, el edil capitalino mencion\u00f3 que, la ciudad cuenta con mil 27 intersecciones semaforizadas, de las cuales, el 28 por ciento est\u00e1n integradas al sistema de monitoreo centralizado. Por ello, se trabaja con la finalidad de incrementar las labores de monitoreo de la red hasta en un casi 50 por ciento. \u201cEn Puebla el peat\u00f3n es nuestra prioridad, iniciaremos la intervenci\u00f3n de 10 cruceros con mayor&hellip;Leer m\u00e1s...","og_url":"https:\/\/www.aliadospuebla.com\/?p=101350","og_site_name":"AliadosPuebla","article_author":"https:\/\/www.facebook.com\/Aliados17Pue","article_published_time":"2025-01-31T04:13:13+00:00","og_image":[{"width":600,"height":450,"url":"https:\/\/www.aliadospuebla.com\/web2017\/wp-content\/uploads\/2025\/01\/398.jpg","type":"image\/jpeg"}],"author":"Aliados17","twitter_card":"summary_large_image","twitter_creator":"@AliadosPuebla","twitter_misc":{"Escrito por":"Aliados17"},"schema":{"@context":"https:\/\/schema.org","@graph":[{"@type":"Article","@id":"https:\/\/www.aliadospuebla.com\/?p=101350#article","isPartOf":{"@id":"https:\/\/www.aliadospuebla.com\/?p=101350"},"author":{"name":"Aliados17","@id":"https:\/\/www.aliadospuebla.com\/#\/schema\/person\/5da7dd09320bd4f392b710017ed5f8ad"},"headline":"Presenta Pepe Chedraui Programa Entornos de Movilidad Segura","datePublished":"2025-01-31T04:13:13+00:00","mainEntityOfPage":{"@id":"https:\/\/www.aliadospuebla.com\/?p=101350"},"wordCount":522,"commentCount":0,"image":{"@id":"https:\/\/www.aliadospuebla.com\/?p=101350#primaryimage"},"thumbnailUrl":"https:\/\/www.aliadospuebla.com\/web2017\/wp-content\/uploads\/2025\/01\/398.jpg","keywords":["cruceros","Entornos de Movilidad Segura","intersecciones","monitoreo centralizado","Pepe Chedraui","reducir siniestros viales","SEGURIDAD VIAL","siniestros viales"],"articleSection":["Capital"],"inLanguage":"es","potentialAction":[{"@type":"CommentAction","name":"Comment","target":["https:\/\/www.aliadospuebla.com\/?p=101350#respond"]}]},{"@type":"WebPage","@id":"https:\/\/www.aliadospuebla.com\/?p=101350","url":"https:\/\/www.aliadospuebla.com\/?p=101350","name":"Presenta Pepe Chedraui Programa Entornos de Movilidad Segura - AliadosPuebla","isPartOf":{"@id":"https:\/\/www.aliadospuebla.com\/#website"},"primaryImageOfPage":{"@id":"https:\/\/www.aliadospuebla.com\/?p=101350#primaryimage"},"image":{"@id":"https:\/\/www.aliadospuebla.com\/?p=101350#primaryimage"},"thumbnailUrl":"https:\/\/www.aliadospuebla.com\/web2017\/wp-content\/uploads\/2025\/01\/398.jpg","datePublished":"2025-01-31T04:13:13+00:00","author":{"@id":"https:\/\/www.aliadospuebla.com\/#\/schema\/person\/5da7dd09320bd4f392b710017ed5f8ad"},"breadcrumb":{"@id":"https:\/\/www.aliadospuebla.com\/?p=101350#breadcrumb"},"inLanguage":"es","potentialAction":[{"@type":"ReadAction","target":["https:\/\/www.aliadospuebla.com\/?p=101350"]}]},{"@type":"ImageObject","inLanguage":"es","@id":"https:\/\/www.aliadospuebla.com\/?p=101350#primaryimage","url":"https:\/\/www.aliadospuebla.com\/web2017\/wp-content\/uploads\/2025\/01\/398.jpg","contentUrl":"https:\/\/www.aliadospuebla.com\/web2017\/wp-content\/uploads\/2025\/01\/398.jpg","width":600,"height":450},{"@type":"BreadcrumbList","@id":"https:\/\/www.aliadospuebla.com\/?p=101350#breadcrumb","itemListElement":[{"@type":"ListItem","position":1,"name":"Portada","item":"https:\/\/www.aliadospuebla.com\/"},{"@type":"ListItem","position":2,"name":"Presenta Pepe Chedraui Programa Entornos de Movilidad Segura"}]},{"@type":"WebSite","@id":"https:\/\/www.aliadospuebla.com\/#website","url":"https:\/\/www.aliadospuebla.com\/","name":"AliadosPuebla","description":"La informaci\u00f3n en tus manos","potentialAction":[{"@type":"SearchAction","target":{"@type":"EntryPoint","urlTemplate":"https:\/\/www.aliadospuebla.com\/?s={search_term_string}"},"query-input":{"@type":"PropertyValueSpecification","valueRequired":true,"valueName":"search_term_string"}}],"inLanguage":"es"},{"@type":"Person","@id":"https:\/\/www.aliadospuebla.com\/#\/schema\/person\/5da7dd09320bd4f392b710017ed5f8ad","name":"Aliados17","image":{"@type":"ImageObject","inLanguage":"es","@id":"https:\/\/www.aliadospuebla.com\/web2017\/wp-content\/uploads\/2025\/03\/cropped-para-perfil-8-anos-1-96x96.jpg","url":"https:\/\/www.aliadospuebla.com\/web2017\/wp-content\/uploads\/2025\/03\/cropped-para-perfil-8-anos-1-96x96.jpg","contentUrl":"https:\/\/www.aliadospuebla.com\/web2017\/wp-content\/uploads\/2025\/03\/cropped-para-perfil-8-anos-1-96x96.jpg","caption":"Aliados17"},"sameAs":["https:\/\/www.aliados17.com","https:\/\/www.facebook.com\/Aliados17Pue","https:\/\/x.com\/AliadosPuebla"],"url":"https:\/\/www.aliadospuebla.com\/?author=2"}]}},"views":12,"_links":{"self":[{"href":"https:\/\/www.aliadospuebla.com\/index.php?rest_route=\/wp\/v2\/posts\/101350","targetHints":{"allow":["GET"]}}],"collection":[{"href":"https:\/\/www.aliadospuebla.com\/index.php?rest_route=\/wp\/v2\/posts"}],"about":[{"href":"https:\/\/www.aliadospuebla.com\/index.php?rest_route=\/wp\/v2\/types\/post"}],"author":[{"embeddable":true,"href":"https:\/\/www.aliadospuebla.com\/index.php?rest_route=\/wp\/v2\/users\/2"}],"replies":[{"embeddable":true,"href":"https:\/\/www.aliadospuebla.com\/index.php?rest_route=%2Fwp%2Fv2%2Fcomments&post=101350"}],"version-history":[{"count":1,"href":"https:\/\/www.aliadospuebla.com\/index.php?rest_route=\/wp\/v2\/posts\/101350\/revisions"}],"predecessor-version":[{"id":101352,"href":"https:\/\/www.aliadospuebla.com\/index.php?rest_route=\/wp\/v2\/posts\/101350\/revisions\/101352"}],"wp:featuredmedia":[{"embeddable":true,"href":"https:\/\/www.aliadospuebla.com\/index.php?rest_route=\/wp\/v2\/media\/101351"}],"wp:attachment":[{"href":"https:\/\/www.aliadospuebla.com\/index.php?rest_route=%2Fwp%2Fv2%2Fmedia&parent=101350"}],"wp:term":[{"taxonomy":"category","embeddable":true,"href":"https:\/\/www.aliadospuebla.com\/index.php?rest_route=%2Fwp%2Fv2%2Fcategories&post=101350"},{"taxonomy":"post_tag","embeddable":true,"href":"https:\/\/www.aliadospuebla.com\/index.php?rest_route=%2Fwp%2Fv2%2Ftags&post=101350"}],"curies":[{"name":"wp","href":"https:\/\/api.w.org\/{rel}","templated":true}]}}