{"id":101071,"date":"2025-01-25T12:43:00","date_gmt":"2025-01-25T18:43:00","guid":{"rendered":"https:\/\/www.aliados17.com\/?p=101071"},"modified":"2025-01-25T12:43:00","modified_gmt":"2025-01-25T18:43:00","slug":"se-instala-el-consejo-municipal-de-gestion-de-riesgos-y-proteccion-civil-del-municipio-de-puebla","status":"publish","type":"post","link":"https:\/\/www.aliadospuebla.com\/?p=101071","title":{"rendered":"Se instala el Consejo Municipal de Gesti\u00f3n de Riesgos y Protecci\u00f3n Civil del Municipio de Puebla"},"content":{"rendered":"<h4>&#8211; Es un \u00f3rgano de planeaci\u00f3n de acciones de prevenci\u00f3n y mitigaci\u00f3n ante situaciones de emergencia o desastre<\/h4>\n<p>Es fundamental para fortalecer la confianza de la ciudadan\u00eda en las autoridades de protecci\u00f3n civil<\/p>\n<p>Como parte de las acciones encaminadas a la gesti\u00f3n de riesgos en materia de protecci\u00f3n civil,<\/p>\n<p>en beneficio de las y los poblanos, el presidente municipal de Puebla, Pepe Chedraui Budib,<\/p>\n<p>realiz\u00f3 la integraci\u00f3n y toma de protesta a los integrantes Consejo Municipal de Gesti\u00f3n de Riesgos y Protecci\u00f3n Civil.<\/p>\n<p>Durante su mensaje el alcalde expres\u00f3 que es necesario contar con un \u00f3rgano de planeaci\u00f3n<\/p>\n<p>de acciones de prevenci\u00f3n y mitigaci\u00f3n ante situaciones de emergencia o desastre,<\/p>\n<p>es fundamental para fortalecer la confianza de la ciudadan\u00eda en las autoridades de protecci\u00f3n civil.<\/p>\n<p>\u201cCelebro su participaci\u00f3n y compromiso para que en Puebla dispongamos de un plan<\/p>\n<p>para dirigir nuestro actuar frente a eventos adversos y reducir su impacto,<\/p>\n<p>porque prevenir es vivir m\u00e1s tranquilo\u201d, agreg\u00f3.<\/p>\n<h4>Este \u00f3rgano institucional permitir\u00e1 la planeaci\u00f3n, consulta y apoyo del Sistema Municipal, integrando a todas las dependencias y entidades municipales, fomentando la participaci\u00f3n responsable de las y los representantes del sector social y privado, implementando acciones de protecci\u00f3n civil en beneficio de la sociedad.<\/h4>\n<p>Se reconoci\u00f3 a quienes, a partir de hoy, fungir\u00e1n como integrantes del Consejo porque la coordinaci\u00f3n de instancias y dependencias de los tres niveles de gobierno y representantes de organizaciones, sector privado e instituciones acad\u00e9micas, es fundamental para responder oportuna y profesionalmente en caso de alguna eventualidad que ponga en riesgo la integridad personal y patrimonial de las y los poblanos.<\/p>\n<p>Rindieron protesta Ana Mariela Sol\u00eds Rondero, presidenta de la Comisi\u00f3n de Protecci\u00f3n Civil y Coordinadora General del Consejo; as\u00ed como las y los regidores en su car\u00e1cter de vocales Marcela Montealegre Villagr\u00e1n, Rodrigo Dur\u00e1n Herrera, Mar\u00eda Teresa Rivera Vivanco; y Rub\u00e9n Bor\u00e1u Garc\u00eda, director de Gesti\u00f3n de Riesgo en materia de Protecci\u00f3n Civil como secretario T\u00e9cnico del Consejo.<\/p>\n","protected":false},"excerpt":{"rendered":"<p>&#8211; Es un \u00f3rgano de planeaci\u00f3n de acciones de prevenci\u00f3n y mitigaci\u00f3n ante situaciones de emergencia o desastre Es fundamental para fortalecer la confianza de la ciudadan\u00eda en las autoridades de protecci\u00f3n civil Como parte de las acciones encaminadas a la gesti\u00f3n de riesgos en materia de protecci\u00f3n civil, en beneficio de las y los poblanos, el presidente municipal de Puebla, Pepe Chedraui Budib, realiz\u00f3 la integraci\u00f3n y toma de protesta a los integrantes Consejo Municipal de Gesti\u00f3n de Riesgos y Protecci\u00f3n Civil. Durante su mensaje el alcalde expres\u00f3 que es necesario contar con un \u00f3rgano de planeaci\u00f3n de acciones de prevenci\u00f3n y mitigaci\u00f3n ante situaciones de emergencia o desastre, es fundamental para fortalecer la confianza de la ciudadan\u00eda en las autoridades de protecci\u00f3n civil.&hellip;<\/p>\n<p class=\"excerpt-more\"><a class=\"blog-excerpt button\" href=\"https:\/\/www.aliadospuebla.com\/?p=101071\">Leer m\u00e1s&#8230;<\/a><\/p>\n","protected":false},"author":2,"featured_media":101072,"comment_status":"open","ping_status":"open","sticky":false,"template":"","format":"standard","meta":{"_monsterinsights_skip_tracking":false,"footnotes":""},"categories":[62],"tags":[27167,6663,27168,27170,24702,2301,29,109,27169],"class_list":["post-101071","post","type-post","status-publish","format-standard","has-post-thumbnail","hentry","category-capital","tag-consejo-municipal-de-gestion-de-riesgos-y-proteccion-civil","tag-emergencia","tag-marcela-montealegre-villagran","tag-maria-teresa-rivera-vivanco","tag-pepe-chedraui-budib","tag-planeacion","tag-prevencion","tag-proteccion-civil","tag-rodrigo-duran-herrera"],"yoast_head":"<!-- This site is optimized with the Yoast SEO plugin v28.4 - https:\/\/yoast.com\/product\/yoast-seo-wordpress\/ -->\n<title>Se instala el Consejo Municipal de Gesti\u00f3n de Riesgos y Protecci\u00f3n Civil del Municipio de Puebla - AliadosPuebla<\/title>\n<meta name=\"robots\" content=\"index, follow, max-snippet:-1, max-image-preview:large, max-video-preview:-1\" \/>\n<link rel=\"canonical\" href=\"https:\/\/www.aliadospuebla.com\/?p=101071\" \/>\n<meta property=\"og:locale\" content=\"es_ES\" \/>\n<meta property=\"og:type\" content=\"article\" \/>\n<meta property=\"og:title\" content=\"Se instala el Consejo Municipal de Gesti\u00f3n de Riesgos y Protecci\u00f3n Civil del Municipio de Puebla - AliadosPuebla\" \/>\n<meta property=\"og:description\" content=\"&#8211; Es un \u00f3rgano de planeaci\u00f3n de acciones de prevenci\u00f3n y mitigaci\u00f3n ante situaciones de emergencia o desastre Es fundamental para fortalecer la confianza de la ciudadan\u00eda en las autoridades de protecci\u00f3n civil Como parte de las acciones encaminadas a la gesti\u00f3n de riesgos en materia de protecci\u00f3n civil, en beneficio de las y los poblanos, el presidente municipal de Puebla, Pepe Chedraui Budib, realiz\u00f3 la integraci\u00f3n y toma de protesta a los integrantes Consejo Municipal de Gesti\u00f3n de Riesgos y Protecci\u00f3n Civil. Durante su mensaje el alcalde expres\u00f3 que es necesario contar con un \u00f3rgano de planeaci\u00f3n de acciones de prevenci\u00f3n y mitigaci\u00f3n ante situaciones de emergencia o desastre, es fundamental para fortalecer la confianza de la ciudadan\u00eda en las autoridades de protecci\u00f3n civil.&hellip;Leer m\u00e1s...\" \/>\n<meta property=\"og:url\" content=\"https:\/\/www.aliadospuebla.com\/?p=101071\" \/>\n<meta property=\"og:site_name\" content=\"AliadosPuebla\" \/>\n<meta property=\"article:author\" content=\"https:\/\/www.facebook.com\/Aliados17Pue\" \/>\n<meta property=\"article:published_time\" content=\"2025-01-25T18:43:00+00:00\" \/>\n<meta property=\"og:image\" content=\"https:\/\/www.aliadospuebla.com\/web2017\/wp-content\/uploads\/2025\/01\/334.jpg\" \/>\n\t<meta property=\"og:image:width\" content=\"600\" \/>\n\t<meta property=\"og:image:height\" content=\"450\" \/>\n\t<meta property=\"og:image:type\" content=\"image\/jpeg\" \/>\n<meta name=\"author\" content=\"Aliados17\" \/>\n<meta name=\"twitter:card\" content=\"summary_large_image\" \/>\n<meta name=\"twitter:creator\" content=\"@AliadosPuebla\" \/>\n<meta name=\"twitter:label1\" content=\"Escrito por\" \/>\n\t<meta name=\"twitter:data1\" content=\"Aliados17\" \/>\n\t<meta name=\"twitter:label2\" content=\"Tiempo de lectura\" \/>\n\t<meta name=\"twitter:data2\" content=\"2 minutos\" \/>\n<script type=\"application\/ld+json\" class=\"yoast-schema-graph\">{\"@context\":\"https:\\\/\\\/schema.org\",\"@graph\":[{\"@type\":\"Article\",\"@id\":\"https:\\\/\\\/www.aliadospuebla.com\\\/?p=101071#article\",\"isPartOf\":{\"@id\":\"https:\\\/\\\/www.aliadospuebla.com\\\/?p=101071\"},\"author\":{\"name\":\"Aliados17\",\"@id\":\"https:\\\/\\\/www.aliadospuebla.com\\\/#\\\/schema\\\/person\\\/5da7dd09320bd4f392b710017ed5f8ad\"},\"headline\":\"Se instala el Consejo Municipal de Gesti\u00f3n de Riesgos y Protecci\u00f3n Civil del Municipio de Puebla\",\"datePublished\":\"2025-01-25T18:43:00+00:00\",\"mainEntityOfPage\":{\"@id\":\"https:\\\/\\\/www.aliadospuebla.com\\\/?p=101071\"},\"wordCount\":374,\"commentCount\":0,\"image\":{\"@id\":\"https:\\\/\\\/www.aliadospuebla.com\\\/?p=101071#primaryimage\"},\"thumbnailUrl\":\"https:\\\/\\\/www.aliadospuebla.com\\\/web2017\\\/wp-content\\\/uploads\\\/2025\\\/01\\\/334.jpg\",\"keywords\":[\"Consejo Municipal de Gesti\u00f3n de Riesgos y Protecci\u00f3n Civil\",\"EMERGENCIA\",\"Marcela Montealegre Villagr\u00e1n\",\"Mar\u00eda Teresa Rivera Vivanco\",\"Pepe Chedraui Budib\",\"PLANEACI\u00d3N\",\"Prevencion\",\"protecci\u00f3n civil\",\"Rodrigo Dur\u00e1n Herrera\"],\"articleSection\":[\"Capital\"],\"inLanguage\":\"es\",\"potentialAction\":[{\"@type\":\"CommentAction\",\"name\":\"Comment\",\"target\":[\"https:\\\/\\\/www.aliadospuebla.com\\\/?p=101071#respond\"]}]},{\"@type\":\"WebPage\",\"@id\":\"https:\\\/\\\/www.aliadospuebla.com\\\/?p=101071\",\"url\":\"https:\\\/\\\/www.aliadospuebla.com\\\/?p=101071\",\"name\":\"Se instala el Consejo Municipal de Gesti\u00f3n de Riesgos y Protecci\u00f3n Civil del Municipio de Puebla - AliadosPuebla\",\"isPartOf\":{\"@id\":\"https:\\\/\\\/www.aliadospuebla.com\\\/#website\"},\"primaryImageOfPage\":{\"@id\":\"https:\\\/\\\/www.aliadospuebla.com\\\/?p=101071#primaryimage\"},\"image\":{\"@id\":\"https:\\\/\\\/www.aliadospuebla.com\\\/?p=101071#primaryimage\"},\"thumbnailUrl\":\"https:\\\/\\\/www.aliadospuebla.com\\\/web2017\\\/wp-content\\\/uploads\\\/2025\\\/01\\\/334.jpg\",\"datePublished\":\"2025-01-25T18:43:00+00:00\",\"author\":{\"@id\":\"https:\\\/\\\/www.aliadospuebla.com\\\/#\\\/schema\\\/person\\\/5da7dd09320bd4f392b710017ed5f8ad\"},\"breadcrumb\":{\"@id\":\"https:\\\/\\\/www.aliadospuebla.com\\\/?p=101071#breadcrumb\"},\"inLanguage\":\"es\",\"potentialAction\":[{\"@type\":\"ReadAction\",\"target\":[\"https:\\\/\\\/www.aliadospuebla.com\\\/?p=101071\"]}]},{\"@type\":\"ImageObject\",\"inLanguage\":\"es\",\"@id\":\"https:\\\/\\\/www.aliadospuebla.com\\\/?p=101071#primaryimage\",\"url\":\"https:\\\/\\\/www.aliadospuebla.com\\\/web2017\\\/wp-content\\\/uploads\\\/2025\\\/01\\\/334.jpg\",\"contentUrl\":\"https:\\\/\\\/www.aliadospuebla.com\\\/web2017\\\/wp-content\\\/uploads\\\/2025\\\/01\\\/334.jpg\",\"width\":600,\"height\":450},{\"@type\":\"BreadcrumbList\",\"@id\":\"https:\\\/\\\/www.aliadospuebla.com\\\/?p=101071#breadcrumb\",\"itemListElement\":[{\"@type\":\"ListItem\",\"position\":1,\"name\":\"Portada\",\"item\":\"https:\\\/\\\/www.aliadospuebla.com\\\/\"},{\"@type\":\"ListItem\",\"position\":2,\"name\":\"Se instala el Consejo Municipal de Gesti\u00f3n de Riesgos y Protecci\u00f3n Civil del Municipio de Puebla\"}]},{\"@type\":\"WebSite\",\"@id\":\"https:\\\/\\\/www.aliadospuebla.com\\\/#website\",\"url\":\"https:\\\/\\\/www.aliadospuebla.com\\\/\",\"name\":\"AliadosPuebla\",\"description\":\"La informaci\u00f3n en tus manos\",\"potentialAction\":[{\"@type\":\"SearchAction\",\"target\":{\"@type\":\"EntryPoint\",\"urlTemplate\":\"https:\\\/\\\/www.aliadospuebla.com\\\/?s={search_term_string}\"},\"query-input\":{\"@type\":\"PropertyValueSpecification\",\"valueRequired\":true,\"valueName\":\"search_term_string\"}}],\"inLanguage\":\"es\"},{\"@type\":\"Person\",\"@id\":\"https:\\\/\\\/www.aliadospuebla.com\\\/#\\\/schema\\\/person\\\/5da7dd09320bd4f392b710017ed5f8ad\",\"name\":\"Aliados17\",\"image\":{\"@type\":\"ImageObject\",\"inLanguage\":\"es\",\"@id\":\"https:\\\/\\\/www.aliadospuebla.com\\\/web2017\\\/wp-content\\\/uploads\\\/2025\\\/03\\\/cropped-para-perfil-8-anos-1-96x96.jpg\",\"url\":\"https:\\\/\\\/www.aliadospuebla.com\\\/web2017\\\/wp-content\\\/uploads\\\/2025\\\/03\\\/cropped-para-perfil-8-anos-1-96x96.jpg\",\"contentUrl\":\"https:\\\/\\\/www.aliadospuebla.com\\\/web2017\\\/wp-content\\\/uploads\\\/2025\\\/03\\\/cropped-para-perfil-8-anos-1-96x96.jpg\",\"caption\":\"Aliados17\"},\"sameAs\":[\"https:\\\/\\\/www.aliados17.com\",\"https:\\\/\\\/www.facebook.com\\\/Aliados17Pue\",\"https:\\\/\\\/x.com\\\/AliadosPuebla\"],\"url\":\"https:\\\/\\\/www.aliadospuebla.com\\\/?author=2\"}]}<\/script>\n<!-- \/ Yoast SEO plugin. -->","yoast_head_json":{"title":"Se instala el Consejo Municipal de Gesti\u00f3n de Riesgos y Protecci\u00f3n Civil del Municipio de Puebla - AliadosPuebla","robots":{"index":"index","follow":"follow","max-snippet":"max-snippet:-1","max-image-preview":"max-image-preview:large","max-video-preview":"max-video-preview:-1"},"canonical":"https:\/\/www.aliadospuebla.com\/?p=101071","og_locale":"es_ES","og_type":"article","og_title":"Se instala el Consejo Municipal de Gesti\u00f3n de Riesgos y Protecci\u00f3n Civil del Municipio de Puebla - AliadosPuebla","og_description":"&#8211; Es un \u00f3rgano de planeaci\u00f3n de acciones de prevenci\u00f3n y mitigaci\u00f3n ante situaciones de emergencia o desastre Es fundamental para fortalecer la confianza de la ciudadan\u00eda en las autoridades de protecci\u00f3n civil Como parte de las acciones encaminadas a la gesti\u00f3n de riesgos en materia de protecci\u00f3n civil, en beneficio de las y los poblanos, el presidente municipal de Puebla, Pepe Chedraui Budib, realiz\u00f3 la integraci\u00f3n y toma de protesta a los integrantes Consejo Municipal de Gesti\u00f3n de Riesgos y Protecci\u00f3n Civil. Durante su mensaje el alcalde expres\u00f3 que es necesario contar con un \u00f3rgano de planeaci\u00f3n de acciones de prevenci\u00f3n y mitigaci\u00f3n ante situaciones de emergencia o desastre, es fundamental para fortalecer la confianza de la ciudadan\u00eda en las autoridades de protecci\u00f3n civil.&hellip;Leer m\u00e1s...","og_url":"https:\/\/www.aliadospuebla.com\/?p=101071","og_site_name":"AliadosPuebla","article_author":"https:\/\/www.facebook.com\/Aliados17Pue","article_published_time":"2025-01-25T18:43:00+00:00","og_image":[{"width":600,"height":450,"url":"https:\/\/www.aliadospuebla.com\/web2017\/wp-content\/uploads\/2025\/01\/334.jpg","type":"image\/jpeg"}],"author":"Aliados17","twitter_card":"summary_large_image","twitter_creator":"@AliadosPuebla","twitter_misc":{"Escrito por":"Aliados17","Tiempo de lectura":"2 minutos"},"schema":{"@context":"https:\/\/schema.org","@graph":[{"@type":"Article","@id":"https:\/\/www.aliadospuebla.com\/?p=101071#article","isPartOf":{"@id":"https:\/\/www.aliadospuebla.com\/?p=101071"},"author":{"name":"Aliados17","@id":"https:\/\/www.aliadospuebla.com\/#\/schema\/person\/5da7dd09320bd4f392b710017ed5f8ad"},"headline":"Se instala el Consejo Municipal de Gesti\u00f3n de Riesgos y Protecci\u00f3n Civil del Municipio de Puebla","datePublished":"2025-01-25T18:43:00+00:00","mainEntityOfPage":{"@id":"https:\/\/www.aliadospuebla.com\/?p=101071"},"wordCount":374,"commentCount":0,"image":{"@id":"https:\/\/www.aliadospuebla.com\/?p=101071#primaryimage"},"thumbnailUrl":"https:\/\/www.aliadospuebla.com\/web2017\/wp-content\/uploads\/2025\/01\/334.jpg","keywords":["Consejo Municipal de Gesti\u00f3n de Riesgos y Protecci\u00f3n Civil","EMERGENCIA","Marcela Montealegre Villagr\u00e1n","Mar\u00eda Teresa Rivera Vivanco","Pepe Chedraui Budib","PLANEACI\u00d3N","Prevencion","protecci\u00f3n civil","Rodrigo Dur\u00e1n Herrera"],"articleSection":["Capital"],"inLanguage":"es","potentialAction":[{"@type":"CommentAction","name":"Comment","target":["https:\/\/www.aliadospuebla.com\/?p=101071#respond"]}]},{"@type":"WebPage","@id":"https:\/\/www.aliadospuebla.com\/?p=101071","url":"https:\/\/www.aliadospuebla.com\/?p=101071","name":"Se instala el Consejo Municipal de Gesti\u00f3n de Riesgos y Protecci\u00f3n Civil del Municipio de Puebla - AliadosPuebla","isPartOf":{"@id":"https:\/\/www.aliadospuebla.com\/#website"},"primaryImageOfPage":{"@id":"https:\/\/www.aliadospuebla.com\/?p=101071#primaryimage"},"image":{"@id":"https:\/\/www.aliadospuebla.com\/?p=101071#primaryimage"},"thumbnailUrl":"https:\/\/www.aliadospuebla.com\/web2017\/wp-content\/uploads\/2025\/01\/334.jpg","datePublished":"2025-01-25T18:43:00+00:00","author":{"@id":"https:\/\/www.aliadospuebla.com\/#\/schema\/person\/5da7dd09320bd4f392b710017ed5f8ad"},"breadcrumb":{"@id":"https:\/\/www.aliadospuebla.com\/?p=101071#breadcrumb"},"inLanguage":"es","potentialAction":[{"@type":"ReadAction","target":["https:\/\/www.aliadospuebla.com\/?p=101071"]}]},{"@type":"ImageObject","inLanguage":"es","@id":"https:\/\/www.aliadospuebla.com\/?p=101071#primaryimage","url":"https:\/\/www.aliadospuebla.com\/web2017\/wp-content\/uploads\/2025\/01\/334.jpg","contentUrl":"https:\/\/www.aliadospuebla.com\/web2017\/wp-content\/uploads\/2025\/01\/334.jpg","width":600,"height":450},{"@type":"BreadcrumbList","@id":"https:\/\/www.aliadospuebla.com\/?p=101071#breadcrumb","itemListElement":[{"@type":"ListItem","position":1,"name":"Portada","item":"https:\/\/www.aliadospuebla.com\/"},{"@type":"ListItem","position":2,"name":"Se instala el Consejo Municipal de Gesti\u00f3n de Riesgos y Protecci\u00f3n Civil del Municipio de Puebla"}]},{"@type":"WebSite","@id":"https:\/\/www.aliadospuebla.com\/#website","url":"https:\/\/www.aliadospuebla.com\/","name":"AliadosPuebla","description":"La informaci\u00f3n en tus manos","potentialAction":[{"@type":"SearchAction","target":{"@type":"EntryPoint","urlTemplate":"https:\/\/www.aliadospuebla.com\/?s={search_term_string}"},"query-input":{"@type":"PropertyValueSpecification","valueRequired":true,"valueName":"search_term_string"}}],"inLanguage":"es"},{"@type":"Person","@id":"https:\/\/www.aliadospuebla.com\/#\/schema\/person\/5da7dd09320bd4f392b710017ed5f8ad","name":"Aliados17","image":{"@type":"ImageObject","inLanguage":"es","@id":"https:\/\/www.aliadospuebla.com\/web2017\/wp-content\/uploads\/2025\/03\/cropped-para-perfil-8-anos-1-96x96.jpg","url":"https:\/\/www.aliadospuebla.com\/web2017\/wp-content\/uploads\/2025\/03\/cropped-para-perfil-8-anos-1-96x96.jpg","contentUrl":"https:\/\/www.aliadospuebla.com\/web2017\/wp-content\/uploads\/2025\/03\/cropped-para-perfil-8-anos-1-96x96.jpg","caption":"Aliados17"},"sameAs":["https:\/\/www.aliados17.com","https:\/\/www.facebook.com\/Aliados17Pue","https:\/\/x.com\/AliadosPuebla"],"url":"https:\/\/www.aliadospuebla.com\/?author=2"}]}},"views":11,"_links":{"self":[{"href":"https:\/\/www.aliadospuebla.com\/index.php?rest_route=\/wp\/v2\/posts\/101071","targetHints":{"allow":["GET"]}}],"collection":[{"href":"https:\/\/www.aliadospuebla.com\/index.php?rest_route=\/wp\/v2\/posts"}],"about":[{"href":"https:\/\/www.aliadospuebla.com\/index.php?rest_route=\/wp\/v2\/types\/post"}],"author":[{"embeddable":true,"href":"https:\/\/www.aliadospuebla.com\/index.php?rest_route=\/wp\/v2\/users\/2"}],"replies":[{"embeddable":true,"href":"https:\/\/www.aliadospuebla.com\/index.php?rest_route=%2Fwp%2Fv2%2Fcomments&post=101071"}],"version-history":[{"count":1,"href":"https:\/\/www.aliadospuebla.com\/index.php?rest_route=\/wp\/v2\/posts\/101071\/revisions"}],"predecessor-version":[{"id":101073,"href":"https:\/\/www.aliadospuebla.com\/index.php?rest_route=\/wp\/v2\/posts\/101071\/revisions\/101073"}],"wp:featuredmedia":[{"embeddable":true,"href":"https:\/\/www.aliadospuebla.com\/index.php?rest_route=\/wp\/v2\/media\/101072"}],"wp:attachment":[{"href":"https:\/\/www.aliadospuebla.com\/index.php?rest_route=%2Fwp%2Fv2%2Fmedia&parent=101071"}],"wp:term":[{"taxonomy":"category","embeddable":true,"href":"https:\/\/www.aliadospuebla.com\/index.php?rest_route=%2Fwp%2Fv2%2Fcategories&post=101071"},{"taxonomy":"post_tag","embeddable":true,"href":"https:\/\/www.aliadospuebla.com\/index.php?rest_route=%2Fwp%2Fv2%2Ftags&post=101071"}],"curies":[{"name":"wp","href":"https:\/\/api.w.org\/{rel}","templated":true}]}}