{"id":101033,"date":"2025-01-24T08:53:53","date_gmt":"2025-01-24T14:53:53","guid":{"rendered":"https:\/\/www.aliados17.com\/?p=101033"},"modified":"2025-01-24T08:53:53","modified_gmt":"2025-01-24T14:53:53","slug":"puebla-se-afianza-como-destino-turistico-de-clase-mundial-en-la-fitur-2025","status":"publish","type":"post","link":"https:\/\/www.aliadospuebla.com\/?p=101033","title":{"rendered":"Puebla se afianza como destino tur\u00edstico de clase mundial en la FITUR 2025"},"content":{"rendered":"<h4>&#8211; La secretaria de Desarrollo Tur\u00edstico, Yadira Lira Navarro, promociona a Puebla ante representantes de diversas organizaciones mundiales.<\/h4>\n<p>MADRID, ESPA\u00d1A.- Por su historia, cultura, patrimonio, gastronom\u00eda, infraestructura hotelera y atractivos naturales,<\/p>\n<p>as\u00ed como por sus Pueblos M\u00e1gicos y Milenarios, 50 municipios con vocaci\u00f3n tur\u00edstica y la capital del estado,<\/p>\n<p>Puebla fue promocionada en la Feria Internacional de Turismo 2025 (FITUR) de Madrid, Espa\u00f1a,<\/p>\n<p>como un destino tur\u00edstico de clase mundial.<\/p>\n<p>En el segundo d\u00eda de actividades, la secretaria de Desarrollo Tur\u00edstico, Yadira Lira Navarro, a nombre del gobernador Alejandro Armenta, present\u00f3 a Puebla como uno de los mejores destinos de M\u00e9xico al sostener diversos encuentros con representantes de la Asociaci\u00f3n Internacional para la Cooperaci\u00f3n Tur\u00edstica (ASICOTUR), de la Organizaci\u00f3n de las Naciones Unidas-Turismo (UNT) y del Consejo Metropolitano.<\/p>\n<p>La funcionaria estatal refrend\u00f3 su compromiso de trabajar en conjunto y de replicar acciones que beneficien a las comunidades con vocaci\u00f3n tur\u00edstica de la entidad y as\u00ed \u201cPensar en Grande\u201d.<\/p>\n<p>Durante los encuentros que sostuvo con touroperadores, medios de comunicaci\u00f3n y expertos en turismo internacional, Lira Navarro, dej\u00f3 en claro que al mandatario Alejandro Armenta le interesa impulsar el turismo comunitario, siguiendo la directriz de la presidenta de M\u00e9xico, Claudia Sheinbaum y Por Amor a Puebla, a fin de que, con la llegada de m\u00e1s visitantes y turistas, se impulse el desarrollo econ\u00f3mico de la entidad.<\/p>\n<p>La titular de Turismo de Puebla, tambi\u00e9n estuvo presente durante el anuncio que hizo la secretaria de Turismo federal, Josefina Rodr\u00edguez Zamora, en el sentido de que M\u00e9xico ser\u00e1 Pa\u00eds Socio en la FITUR 2026, decisi\u00f3n que posicionar\u00e1 a\u00fan m\u00e1s al territorio mexicano, a nivel mundial.<\/p>\n<p>Es preciso comentar que la FITUR es una de las ferias m\u00e1s importantes a nivel internacional, donde participan m\u00e1s de 9 mil 500 empresas de 156 pa\u00edses y 884 expositores, en una extensi\u00f3n superior a los 69 mil metros cuadrados.Viernes 24 de enero de 2025<\/p>\n","protected":false},"excerpt":{"rendered":"<p>&#8211; La secretaria de Desarrollo Tur\u00edstico, Yadira Lira Navarro, promociona a Puebla ante representantes de diversas organizaciones mundiales. MADRID, ESPA\u00d1A.- Por su historia, cultura, patrimonio, gastronom\u00eda, infraestructura hotelera y atractivos naturales, as\u00ed como por sus Pueblos M\u00e1gicos y Milenarios, 50 municipios con vocaci\u00f3n tur\u00edstica y la capital del estado, Puebla fue promocionada en la Feria Internacional de Turismo 2025 (FITUR) de Madrid, Espa\u00f1a, como un destino tur\u00edstico de clase mundial. En el segundo d\u00eda de actividades, la secretaria de Desarrollo Tur\u00edstico, Yadira Lira Navarro, a nombre del gobernador Alejandro Armenta, present\u00f3 a Puebla como uno de los mejores destinos de M\u00e9xico al sostener diversos encuentros con representantes de la Asociaci\u00f3n Internacional para la Cooperaci\u00f3n Tur\u00edstica (ASICOTUR), de la Organizaci\u00f3n de las Naciones Unidas-Turismo (UNT) y&hellip;<\/p>\n<p class=\"excerpt-more\"><a class=\"blog-excerpt button\" href=\"https:\/\/www.aliadospuebla.com\/?p=101033\">Leer m\u00e1s&#8230;<\/a><\/p>\n","protected":false},"author":2,"featured_media":101034,"comment_status":"open","ping_status":"open","sticky":false,"template":"","format":"standard","meta":{"_monsterinsights_skip_tracking":false,"footnotes":""},"categories":[61],"tags":[4780,27145,158,2922,27144,292,4646,1807,1168,20290,7020],"class_list":["post-101033","post","type-post","status-publish","format-standard","has-post-thumbnail","hentry","category-gobierno","tag-alejandro-armenta","tag-asicotur","tag-cultura","tag-desarrollo-turistico","tag-fitur-2025","tag-gastronomia","tag-historia","tag-infraestructura-hotelera","tag-patrimonio","tag-por-amor-a-puebla","tag-yadira-lira-navarro"],"yoast_head":"<!-- This site is optimized with the Yoast SEO plugin v28.4 - https:\/\/yoast.com\/product\/yoast-seo-wordpress\/ -->\n<title>Puebla se afianza como destino tur\u00edstico de clase mundial en la FITUR 2025 - AliadosPuebla<\/title>\n<meta name=\"robots\" content=\"index, follow, max-snippet:-1, max-image-preview:large, max-video-preview:-1\" \/>\n<link rel=\"canonical\" href=\"https:\/\/www.aliadospuebla.com\/?p=101033\" \/>\n<meta property=\"og:locale\" content=\"es_ES\" \/>\n<meta property=\"og:type\" content=\"article\" \/>\n<meta property=\"og:title\" content=\"Puebla se afianza como destino tur\u00edstico de clase mundial en la FITUR 2025 - AliadosPuebla\" \/>\n<meta property=\"og:description\" content=\"&#8211; La secretaria de Desarrollo Tur\u00edstico, Yadira Lira Navarro, promociona a Puebla ante representantes de diversas organizaciones mundiales. MADRID, ESPA\u00d1A.- Por su historia, cultura, patrimonio, gastronom\u00eda, infraestructura hotelera y atractivos naturales, as\u00ed como por sus Pueblos M\u00e1gicos y Milenarios, 50 municipios con vocaci\u00f3n tur\u00edstica y la capital del estado, Puebla fue promocionada en la Feria Internacional de Turismo 2025 (FITUR) de Madrid, Espa\u00f1a, como un destino tur\u00edstico de clase mundial. En el segundo d\u00eda de actividades, la secretaria de Desarrollo Tur\u00edstico, Yadira Lira Navarro, a nombre del gobernador Alejandro Armenta, present\u00f3 a Puebla como uno de los mejores destinos de M\u00e9xico al sostener diversos encuentros con representantes de la Asociaci\u00f3n Internacional para la Cooperaci\u00f3n Tur\u00edstica (ASICOTUR), de la Organizaci\u00f3n de las Naciones Unidas-Turismo (UNT) y&hellip;Leer m\u00e1s...\" \/>\n<meta property=\"og:url\" content=\"https:\/\/www.aliadospuebla.com\/?p=101033\" \/>\n<meta property=\"og:site_name\" content=\"AliadosPuebla\" \/>\n<meta property=\"article:author\" content=\"https:\/\/www.facebook.com\/Aliados17Pue\" \/>\n<meta property=\"article:published_time\" content=\"2025-01-24T14:53:53+00:00\" \/>\n<meta property=\"og:image\" content=\"https:\/\/www.aliadospuebla.com\/web2017\/wp-content\/uploads\/2025\/01\/323.jpg\" \/>\n\t<meta property=\"og:image:width\" content=\"600\" \/>\n\t<meta property=\"og:image:height\" content=\"450\" \/>\n\t<meta property=\"og:image:type\" content=\"image\/jpeg\" \/>\n<meta name=\"author\" content=\"Aliados17\" \/>\n<meta name=\"twitter:card\" content=\"summary_large_image\" \/>\n<meta name=\"twitter:creator\" content=\"@AliadosPuebla\" \/>\n<meta name=\"twitter:label1\" content=\"Escrito por\" \/>\n\t<meta name=\"twitter:data1\" content=\"Aliados17\" \/>\n\t<meta name=\"twitter:label2\" content=\"Tiempo de lectura\" \/>\n\t<meta name=\"twitter:data2\" content=\"2 minutos\" \/>\n<script type=\"application\/ld+json\" class=\"yoast-schema-graph\">{\"@context\":\"https:\\\/\\\/schema.org\",\"@graph\":[{\"@type\":\"Article\",\"@id\":\"https:\\\/\\\/www.aliadospuebla.com\\\/?p=101033#article\",\"isPartOf\":{\"@id\":\"https:\\\/\\\/www.aliadospuebla.com\\\/?p=101033\"},\"author\":{\"name\":\"Aliados17\",\"@id\":\"https:\\\/\\\/www.aliadospuebla.com\\\/#\\\/schema\\\/person\\\/5da7dd09320bd4f392b710017ed5f8ad\"},\"headline\":\"Puebla se afianza como destino tur\u00edstico de clase mundial en la FITUR 2025\",\"datePublished\":\"2025-01-24T14:53:53+00:00\",\"mainEntityOfPage\":{\"@id\":\"https:\\\/\\\/www.aliadospuebla.com\\\/?p=101033\"},\"wordCount\":352,\"commentCount\":0,\"image\":{\"@id\":\"https:\\\/\\\/www.aliadospuebla.com\\\/?p=101033#primaryimage\"},\"thumbnailUrl\":\"https:\\\/\\\/www.aliadospuebla.com\\\/web2017\\\/wp-content\\\/uploads\\\/2025\\\/01\\\/323.jpg\",\"keywords\":[\"ALEJANDRO ARMENTA\",\"ASICOTUR\",\"Cultura\",\"DESARROLLO TUR\u00cdSTICO\",\"FITUR 2025\",\"gastronom\u00eda\",\"HISTORIA\",\"INFRAESTRUCTURA HOTELERA\",\"PATRIMONIO\",\"Por amor a Puebla\",\"YADIRA LIRA NAVARRO\"],\"articleSection\":[\"Gobierno\"],\"inLanguage\":\"es\",\"potentialAction\":[{\"@type\":\"CommentAction\",\"name\":\"Comment\",\"target\":[\"https:\\\/\\\/www.aliadospuebla.com\\\/?p=101033#respond\"]}]},{\"@type\":\"WebPage\",\"@id\":\"https:\\\/\\\/www.aliadospuebla.com\\\/?p=101033\",\"url\":\"https:\\\/\\\/www.aliadospuebla.com\\\/?p=101033\",\"name\":\"Puebla se afianza como destino tur\u00edstico de clase mundial en la FITUR 2025 - AliadosPuebla\",\"isPartOf\":{\"@id\":\"https:\\\/\\\/www.aliadospuebla.com\\\/#website\"},\"primaryImageOfPage\":{\"@id\":\"https:\\\/\\\/www.aliadospuebla.com\\\/?p=101033#primaryimage\"},\"image\":{\"@id\":\"https:\\\/\\\/www.aliadospuebla.com\\\/?p=101033#primaryimage\"},\"thumbnailUrl\":\"https:\\\/\\\/www.aliadospuebla.com\\\/web2017\\\/wp-content\\\/uploads\\\/2025\\\/01\\\/323.jpg\",\"datePublished\":\"2025-01-24T14:53:53+00:00\",\"author\":{\"@id\":\"https:\\\/\\\/www.aliadospuebla.com\\\/#\\\/schema\\\/person\\\/5da7dd09320bd4f392b710017ed5f8ad\"},\"breadcrumb\":{\"@id\":\"https:\\\/\\\/www.aliadospuebla.com\\\/?p=101033#breadcrumb\"},\"inLanguage\":\"es\",\"potentialAction\":[{\"@type\":\"ReadAction\",\"target\":[\"https:\\\/\\\/www.aliadospuebla.com\\\/?p=101033\"]}]},{\"@type\":\"ImageObject\",\"inLanguage\":\"es\",\"@id\":\"https:\\\/\\\/www.aliadospuebla.com\\\/?p=101033#primaryimage\",\"url\":\"https:\\\/\\\/www.aliadospuebla.com\\\/web2017\\\/wp-content\\\/uploads\\\/2025\\\/01\\\/323.jpg\",\"contentUrl\":\"https:\\\/\\\/www.aliadospuebla.com\\\/web2017\\\/wp-content\\\/uploads\\\/2025\\\/01\\\/323.jpg\",\"width\":600,\"height\":450},{\"@type\":\"BreadcrumbList\",\"@id\":\"https:\\\/\\\/www.aliadospuebla.com\\\/?p=101033#breadcrumb\",\"itemListElement\":[{\"@type\":\"ListItem\",\"position\":1,\"name\":\"Portada\",\"item\":\"https:\\\/\\\/www.aliadospuebla.com\\\/\"},{\"@type\":\"ListItem\",\"position\":2,\"name\":\"Puebla se afianza como destino tur\u00edstico de clase mundial en la FITUR 2025\"}]},{\"@type\":\"WebSite\",\"@id\":\"https:\\\/\\\/www.aliadospuebla.com\\\/#website\",\"url\":\"https:\\\/\\\/www.aliadospuebla.com\\\/\",\"name\":\"AliadosPuebla\",\"description\":\"La informaci\u00f3n en tus manos\",\"potentialAction\":[{\"@type\":\"SearchAction\",\"target\":{\"@type\":\"EntryPoint\",\"urlTemplate\":\"https:\\\/\\\/www.aliadospuebla.com\\\/?s={search_term_string}\"},\"query-input\":{\"@type\":\"PropertyValueSpecification\",\"valueRequired\":true,\"valueName\":\"search_term_string\"}}],\"inLanguage\":\"es\"},{\"@type\":\"Person\",\"@id\":\"https:\\\/\\\/www.aliadospuebla.com\\\/#\\\/schema\\\/person\\\/5da7dd09320bd4f392b710017ed5f8ad\",\"name\":\"Aliados17\",\"image\":{\"@type\":\"ImageObject\",\"inLanguage\":\"es\",\"@id\":\"https:\\\/\\\/www.aliadospuebla.com\\\/web2017\\\/wp-content\\\/uploads\\\/2025\\\/03\\\/cropped-para-perfil-8-anos-1-96x96.jpg\",\"url\":\"https:\\\/\\\/www.aliadospuebla.com\\\/web2017\\\/wp-content\\\/uploads\\\/2025\\\/03\\\/cropped-para-perfil-8-anos-1-96x96.jpg\",\"contentUrl\":\"https:\\\/\\\/www.aliadospuebla.com\\\/web2017\\\/wp-content\\\/uploads\\\/2025\\\/03\\\/cropped-para-perfil-8-anos-1-96x96.jpg\",\"caption\":\"Aliados17\"},\"sameAs\":[\"https:\\\/\\\/www.aliados17.com\",\"https:\\\/\\\/www.facebook.com\\\/Aliados17Pue\",\"https:\\\/\\\/x.com\\\/AliadosPuebla\"],\"url\":\"https:\\\/\\\/www.aliadospuebla.com\\\/?author=2\"}]}<\/script>\n<!-- \/ Yoast SEO plugin. -->","yoast_head_json":{"title":"Puebla se afianza como destino tur\u00edstico de clase mundial en la FITUR 2025 - AliadosPuebla","robots":{"index":"index","follow":"follow","max-snippet":"max-snippet:-1","max-image-preview":"max-image-preview:large","max-video-preview":"max-video-preview:-1"},"canonical":"https:\/\/www.aliadospuebla.com\/?p=101033","og_locale":"es_ES","og_type":"article","og_title":"Puebla se afianza como destino tur\u00edstico de clase mundial en la FITUR 2025 - AliadosPuebla","og_description":"&#8211; La secretaria de Desarrollo Tur\u00edstico, Yadira Lira Navarro, promociona a Puebla ante representantes de diversas organizaciones mundiales. MADRID, ESPA\u00d1A.- Por su historia, cultura, patrimonio, gastronom\u00eda, infraestructura hotelera y atractivos naturales, as\u00ed como por sus Pueblos M\u00e1gicos y Milenarios, 50 municipios con vocaci\u00f3n tur\u00edstica y la capital del estado, Puebla fue promocionada en la Feria Internacional de Turismo 2025 (FITUR) de Madrid, Espa\u00f1a, como un destino tur\u00edstico de clase mundial. En el segundo d\u00eda de actividades, la secretaria de Desarrollo Tur\u00edstico, Yadira Lira Navarro, a nombre del gobernador Alejandro Armenta, present\u00f3 a Puebla como uno de los mejores destinos de M\u00e9xico al sostener diversos encuentros con representantes de la Asociaci\u00f3n Internacional para la Cooperaci\u00f3n Tur\u00edstica (ASICOTUR), de la Organizaci\u00f3n de las Naciones Unidas-Turismo (UNT) y&hellip;Leer m\u00e1s...","og_url":"https:\/\/www.aliadospuebla.com\/?p=101033","og_site_name":"AliadosPuebla","article_author":"https:\/\/www.facebook.com\/Aliados17Pue","article_published_time":"2025-01-24T14:53:53+00:00","og_image":[{"width":600,"height":450,"url":"https:\/\/www.aliadospuebla.com\/web2017\/wp-content\/uploads\/2025\/01\/323.jpg","type":"image\/jpeg"}],"author":"Aliados17","twitter_card":"summary_large_image","twitter_creator":"@AliadosPuebla","twitter_misc":{"Escrito por":"Aliados17","Tiempo de lectura":"2 minutos"},"schema":{"@context":"https:\/\/schema.org","@graph":[{"@type":"Article","@id":"https:\/\/www.aliadospuebla.com\/?p=101033#article","isPartOf":{"@id":"https:\/\/www.aliadospuebla.com\/?p=101033"},"author":{"name":"Aliados17","@id":"https:\/\/www.aliadospuebla.com\/#\/schema\/person\/5da7dd09320bd4f392b710017ed5f8ad"},"headline":"Puebla se afianza como destino tur\u00edstico de clase mundial en la FITUR 2025","datePublished":"2025-01-24T14:53:53+00:00","mainEntityOfPage":{"@id":"https:\/\/www.aliadospuebla.com\/?p=101033"},"wordCount":352,"commentCount":0,"image":{"@id":"https:\/\/www.aliadospuebla.com\/?p=101033#primaryimage"},"thumbnailUrl":"https:\/\/www.aliadospuebla.com\/web2017\/wp-content\/uploads\/2025\/01\/323.jpg","keywords":["ALEJANDRO ARMENTA","ASICOTUR","Cultura","DESARROLLO TUR\u00cdSTICO","FITUR 2025","gastronom\u00eda","HISTORIA","INFRAESTRUCTURA HOTELERA","PATRIMONIO","Por amor a Puebla","YADIRA LIRA NAVARRO"],"articleSection":["Gobierno"],"inLanguage":"es","potentialAction":[{"@type":"CommentAction","name":"Comment","target":["https:\/\/www.aliadospuebla.com\/?p=101033#respond"]}]},{"@type":"WebPage","@id":"https:\/\/www.aliadospuebla.com\/?p=101033","url":"https:\/\/www.aliadospuebla.com\/?p=101033","name":"Puebla se afianza como destino tur\u00edstico de clase mundial en la FITUR 2025 - AliadosPuebla","isPartOf":{"@id":"https:\/\/www.aliadospuebla.com\/#website"},"primaryImageOfPage":{"@id":"https:\/\/www.aliadospuebla.com\/?p=101033#primaryimage"},"image":{"@id":"https:\/\/www.aliadospuebla.com\/?p=101033#primaryimage"},"thumbnailUrl":"https:\/\/www.aliadospuebla.com\/web2017\/wp-content\/uploads\/2025\/01\/323.jpg","datePublished":"2025-01-24T14:53:53+00:00","author":{"@id":"https:\/\/www.aliadospuebla.com\/#\/schema\/person\/5da7dd09320bd4f392b710017ed5f8ad"},"breadcrumb":{"@id":"https:\/\/www.aliadospuebla.com\/?p=101033#breadcrumb"},"inLanguage":"es","potentialAction":[{"@type":"ReadAction","target":["https:\/\/www.aliadospuebla.com\/?p=101033"]}]},{"@type":"ImageObject","inLanguage":"es","@id":"https:\/\/www.aliadospuebla.com\/?p=101033#primaryimage","url":"https:\/\/www.aliadospuebla.com\/web2017\/wp-content\/uploads\/2025\/01\/323.jpg","contentUrl":"https:\/\/www.aliadospuebla.com\/web2017\/wp-content\/uploads\/2025\/01\/323.jpg","width":600,"height":450},{"@type":"BreadcrumbList","@id":"https:\/\/www.aliadospuebla.com\/?p=101033#breadcrumb","itemListElement":[{"@type":"ListItem","position":1,"name":"Portada","item":"https:\/\/www.aliadospuebla.com\/"},{"@type":"ListItem","position":2,"name":"Puebla se afianza como destino tur\u00edstico de clase mundial en la FITUR 2025"}]},{"@type":"WebSite","@id":"https:\/\/www.aliadospuebla.com\/#website","url":"https:\/\/www.aliadospuebla.com\/","name":"AliadosPuebla","description":"La informaci\u00f3n en tus manos","potentialAction":[{"@type":"SearchAction","target":{"@type":"EntryPoint","urlTemplate":"https:\/\/www.aliadospuebla.com\/?s={search_term_string}"},"query-input":{"@type":"PropertyValueSpecification","valueRequired":true,"valueName":"search_term_string"}}],"inLanguage":"es"},{"@type":"Person","@id":"https:\/\/www.aliadospuebla.com\/#\/schema\/person\/5da7dd09320bd4f392b710017ed5f8ad","name":"Aliados17","image":{"@type":"ImageObject","inLanguage":"es","@id":"https:\/\/www.aliadospuebla.com\/web2017\/wp-content\/uploads\/2025\/03\/cropped-para-perfil-8-anos-1-96x96.jpg","url":"https:\/\/www.aliadospuebla.com\/web2017\/wp-content\/uploads\/2025\/03\/cropped-para-perfil-8-anos-1-96x96.jpg","contentUrl":"https:\/\/www.aliadospuebla.com\/web2017\/wp-content\/uploads\/2025\/03\/cropped-para-perfil-8-anos-1-96x96.jpg","caption":"Aliados17"},"sameAs":["https:\/\/www.aliados17.com","https:\/\/www.facebook.com\/Aliados17Pue","https:\/\/x.com\/AliadosPuebla"],"url":"https:\/\/www.aliadospuebla.com\/?author=2"}]}},"views":12,"_links":{"self":[{"href":"https:\/\/www.aliadospuebla.com\/index.php?rest_route=\/wp\/v2\/posts\/101033","targetHints":{"allow":["GET"]}}],"collection":[{"href":"https:\/\/www.aliadospuebla.com\/index.php?rest_route=\/wp\/v2\/posts"}],"about":[{"href":"https:\/\/www.aliadospuebla.com\/index.php?rest_route=\/wp\/v2\/types\/post"}],"author":[{"embeddable":true,"href":"https:\/\/www.aliadospuebla.com\/index.php?rest_route=\/wp\/v2\/users\/2"}],"replies":[{"embeddable":true,"href":"https:\/\/www.aliadospuebla.com\/index.php?rest_route=%2Fwp%2Fv2%2Fcomments&post=101033"}],"version-history":[{"count":1,"href":"https:\/\/www.aliadospuebla.com\/index.php?rest_route=\/wp\/v2\/posts\/101033\/revisions"}],"predecessor-version":[{"id":101035,"href":"https:\/\/www.aliadospuebla.com\/index.php?rest_route=\/wp\/v2\/posts\/101033\/revisions\/101035"}],"wp:featuredmedia":[{"embeddable":true,"href":"https:\/\/www.aliadospuebla.com\/index.php?rest_route=\/wp\/v2\/media\/101034"}],"wp:attachment":[{"href":"https:\/\/www.aliadospuebla.com\/index.php?rest_route=%2Fwp%2Fv2%2Fmedia&parent=101033"}],"wp:term":[{"taxonomy":"category","embeddable":true,"href":"https:\/\/www.aliadospuebla.com\/index.php?rest_route=%2Fwp%2Fv2%2Fcategories&post=101033"},{"taxonomy":"post_tag","embeddable":true,"href":"https:\/\/www.aliadospuebla.com\/index.php?rest_route=%2Fwp%2Fv2%2Ftags&post=101033"}],"curies":[{"name":"wp","href":"https:\/\/api.w.org\/{rel}","templated":true}]}}