{"id":100978,"date":"2025-01-23T21:35:42","date_gmt":"2025-01-24T03:35:42","guid":{"rendered":"https:\/\/www.aliados17.com\/?p=100978"},"modified":"2025-01-23T21:39:13","modified_gmt":"2025-01-24T03:39:13","slug":"tecamachalco-impulsa-el-campo-con-una-inversion-de-7-mdp-para-semillas-mejoradas","status":"publish","type":"post","link":"https:\/\/www.aliadospuebla.com\/?p=100978","title":{"rendered":"Tecamachalco impulsa el campo con una inversi\u00f3n de 7 mdp para semillas mejoradas"},"content":{"rendered":"<h4>En el marco de la primera Expo Agropecuaria Tecamachalco 2025, el presidente municipal, Mateo Hern\u00e1ndez, anunci\u00f3 una inversi\u00f3n de m\u00e1s de 7 millones de pesos en apoyo a los campesinos del municipio, destinados a la entrega de semilla mejorada para el pr\u00f3ximo ciclo agr\u00edcola.<\/h4>\n<p>Este apoyo es una clara muestra del compromiso de la administraci\u00f3n municipal por fortalecer el campo local y potenciar la producci\u00f3n agropecuaria de la regi\u00f3n.<\/p>\n<p>Durante el evento, que reuni\u00f3 a decenas de productores locales, el presidente Hern\u00e1ndez destac\u00f3 que en Tecamachalco se generan anualmente alrededor de 14 mil toneladas de ma\u00edz en 3 mil 500 hect\u00e1reas, lo que resalta la importancia de seguir apostando por el desarrollo agropecuario en la regi\u00f3n.<\/p>\n<p>Adem\u00e1s, reiter\u00f3 su compromiso de seguir trabajando en equipo para convertir a Tecamachalco en un municipio agroindustrial.<\/p>\n<p>Por su parte, Morayma Rub\u00ed Joven, representante del gobierno estatal en el \u00e1rea de agricultura, enfatiz\u00f3 la importancia de apoyar al sector agropecuario con programas de fertilizantes y otros apoyos, y subray\u00f3 que Puebla debe detonar sus cadenas productivas a trav\u00e9s de la capacitaci\u00f3n en campo, fortalecimiento de la vinculaci\u00f3n comercial y la reducci\u00f3n de tr\u00e1mites burocr\u00e1ticos, lo que permitir\u00e1 a los productores vender directamente sin intermediarios.<\/p>\n<p>El Regidor de Desarrollo Rural, Agricultura y Ganader\u00eda, Javier Avelino Alc\u00e1ntara, destac\u00f3 que Tecamachalco se encuentra entre los 10 municipios m\u00e1s productivos del estado en cuanto a actividades agr\u00edcolas. Asegur\u00f3 que tres cuartas partes de la poblaci\u00f3n local dependen directamente del campo y que es fundamental fortalecer este sector mediante los programas de los tres niveles de gobierno.<\/p>\n<p>Finalmente, los agricultores de Tecamachalco manifestaron su disposici\u00f3n y preparaci\u00f3n para seguir trabajando con calidad, se\u00f1alando que es el momento de transformar al municipio en un centro agroindustrial que pueda atender las crecientes demandas del mercado local e internacional.<\/p>\n","protected":false},"excerpt":{"rendered":"<p>En el marco de la primera Expo Agropecuaria Tecamachalco 2025, el presidente municipal, Mateo Hern\u00e1ndez, anunci\u00f3 una inversi\u00f3n de m\u00e1s de 7 millones de pesos en apoyo a los campesinos del municipio, destinados a la entrega de semilla mejorada para el pr\u00f3ximo ciclo agr\u00edcola. Este apoyo es una clara muestra del compromiso de la administraci\u00f3n municipal por fortalecer el campo local y potenciar la producci\u00f3n agropecuaria de la regi\u00f3n. Durante el evento, que reuni\u00f3 a decenas de productores locales, el presidente Hern\u00e1ndez destac\u00f3 que en Tecamachalco se generan anualmente alrededor de 14 mil toneladas de ma\u00edz en 3 mil 500 hect\u00e1reas, lo que resalta la importancia de seguir apostando por el desarrollo agropecuario en la regi\u00f3n. Adem\u00e1s, reiter\u00f3 su compromiso de seguir trabajando en equipo&hellip;<\/p>\n<p class=\"excerpt-more\"><a class=\"blog-excerpt button\" href=\"https:\/\/www.aliadospuebla.com\/?p=100978\">Leer m\u00e1s&#8230;<\/a><\/p>\n","protected":false},"author":2,"featured_media":100979,"comment_status":"open","ping_status":"open","sticky":false,"template":"","format":"standard","meta":{"_monsterinsights_skip_tracking":false,"footnotes":""},"categories":[4],"tags":[27105,3266,27104,25975,27106,22520,129],"class_list":["post-100978","post","type-post","status-publish","format-standard","has-post-thumbnail","hentry","category-municipios","tag-campo-local","tag-desarrollo-agropecuario","tag-expo-agropecuaria-tecamachalco-2025","tag-mateo-hernandez","tag-morayma-rubi-joven","tag-semillas-mejoradas","tag-tecamachalco"],"yoast_head":"<!-- This site is optimized with the Yoast SEO plugin v28.4 - https:\/\/yoast.com\/product\/yoast-seo-wordpress\/ -->\n<title>Tecamachalco impulsa el campo con una inversi\u00f3n de 7 mdp para semillas mejoradas - AliadosPuebla<\/title>\n<meta name=\"robots\" content=\"index, follow, max-snippet:-1, max-image-preview:large, max-video-preview:-1\" \/>\n<link rel=\"canonical\" href=\"https:\/\/www.aliadospuebla.com\/?p=100978\" \/>\n<meta property=\"og:locale\" content=\"es_ES\" \/>\n<meta property=\"og:type\" content=\"article\" \/>\n<meta property=\"og:title\" content=\"Tecamachalco impulsa el campo con una inversi\u00f3n de 7 mdp para semillas mejoradas - AliadosPuebla\" \/>\n<meta property=\"og:description\" content=\"En el marco de la primera Expo Agropecuaria Tecamachalco 2025, el presidente municipal, Mateo Hern\u00e1ndez, anunci\u00f3 una inversi\u00f3n de m\u00e1s de 7 millones de pesos en apoyo a los campesinos del municipio, destinados a la entrega de semilla mejorada para el pr\u00f3ximo ciclo agr\u00edcola. Este apoyo es una clara muestra del compromiso de la administraci\u00f3n municipal por fortalecer el campo local y potenciar la producci\u00f3n agropecuaria de la regi\u00f3n. Durante el evento, que reuni\u00f3 a decenas de productores locales, el presidente Hern\u00e1ndez destac\u00f3 que en Tecamachalco se generan anualmente alrededor de 14 mil toneladas de ma\u00edz en 3 mil 500 hect\u00e1reas, lo que resalta la importancia de seguir apostando por el desarrollo agropecuario en la regi\u00f3n. Adem\u00e1s, reiter\u00f3 su compromiso de seguir trabajando en equipo&hellip;Leer m\u00e1s...\" \/>\n<meta property=\"og:url\" content=\"https:\/\/www.aliadospuebla.com\/?p=100978\" \/>\n<meta property=\"og:site_name\" content=\"AliadosPuebla\" \/>\n<meta property=\"article:author\" content=\"https:\/\/www.facebook.com\/Aliados17Pue\" \/>\n<meta property=\"article:published_time\" content=\"2025-01-24T03:35:42+00:00\" \/>\n<meta property=\"article:modified_time\" content=\"2025-01-24T03:39:13+00:00\" \/>\n<meta property=\"og:image\" content=\"https:\/\/www.aliadospuebla.com\/web2017\/wp-content\/uploads\/2025\/01\/306.jpg\" \/>\n\t<meta property=\"og:image:width\" content=\"600\" \/>\n\t<meta property=\"og:image:height\" content=\"450\" \/>\n\t<meta property=\"og:image:type\" content=\"image\/jpeg\" \/>\n<meta name=\"author\" content=\"Aliados17\" \/>\n<meta name=\"twitter:card\" content=\"summary_large_image\" \/>\n<meta name=\"twitter:creator\" content=\"@AliadosPuebla\" \/>\n<meta name=\"twitter:label1\" content=\"Escrito por\" \/>\n\t<meta name=\"twitter:data1\" content=\"Aliados17\" \/>\n\t<meta name=\"twitter:label2\" content=\"Tiempo de lectura\" \/>\n\t<meta name=\"twitter:data2\" content=\"2 minutos\" \/>\n<script type=\"application\/ld+json\" class=\"yoast-schema-graph\">{\"@context\":\"https:\\\/\\\/schema.org\",\"@graph\":[{\"@type\":\"Article\",\"@id\":\"https:\\\/\\\/www.aliadospuebla.com\\\/?p=100978#article\",\"isPartOf\":{\"@id\":\"https:\\\/\\\/www.aliadospuebla.com\\\/?p=100978\"},\"author\":{\"name\":\"Aliados17\",\"@id\":\"https:\\\/\\\/www.aliadospuebla.com\\\/#\\\/schema\\\/person\\\/5da7dd09320bd4f392b710017ed5f8ad\"},\"headline\":\"Tecamachalco impulsa el campo con una inversi\u00f3n de 7 mdp para semillas mejoradas\",\"datePublished\":\"2025-01-24T03:35:42+00:00\",\"dateModified\":\"2025-01-24T03:39:13+00:00\",\"mainEntityOfPage\":{\"@id\":\"https:\\\/\\\/www.aliadospuebla.com\\\/?p=100978\"},\"wordCount\":331,\"commentCount\":0,\"image\":{\"@id\":\"https:\\\/\\\/www.aliadospuebla.com\\\/?p=100978#primaryimage\"},\"thumbnailUrl\":\"https:\\\/\\\/www.aliadospuebla.com\\\/web2017\\\/wp-content\\\/uploads\\\/2025\\\/01\\\/306.jpg\",\"keywords\":[\"campo local\",\"DESARROLLO AGROPECUARIO\",\"Expo Agropecuaria Tecamachalco 2025\",\"Mateo Hern\u00e1ndez\",\"Morayma Rub\u00ed Joven\",\"semillas mejoradas\",\"Tecamachalco\"],\"articleSection\":[\"Municipios\"],\"inLanguage\":\"es\",\"potentialAction\":[{\"@type\":\"CommentAction\",\"name\":\"Comment\",\"target\":[\"https:\\\/\\\/www.aliadospuebla.com\\\/?p=100978#respond\"]}]},{\"@type\":\"WebPage\",\"@id\":\"https:\\\/\\\/www.aliadospuebla.com\\\/?p=100978\",\"url\":\"https:\\\/\\\/www.aliadospuebla.com\\\/?p=100978\",\"name\":\"Tecamachalco impulsa el campo con una inversi\u00f3n de 7 mdp para semillas mejoradas - AliadosPuebla\",\"isPartOf\":{\"@id\":\"https:\\\/\\\/www.aliadospuebla.com\\\/#website\"},\"primaryImageOfPage\":{\"@id\":\"https:\\\/\\\/www.aliadospuebla.com\\\/?p=100978#primaryimage\"},\"image\":{\"@id\":\"https:\\\/\\\/www.aliadospuebla.com\\\/?p=100978#primaryimage\"},\"thumbnailUrl\":\"https:\\\/\\\/www.aliadospuebla.com\\\/web2017\\\/wp-content\\\/uploads\\\/2025\\\/01\\\/306.jpg\",\"datePublished\":\"2025-01-24T03:35:42+00:00\",\"dateModified\":\"2025-01-24T03:39:13+00:00\",\"author\":{\"@id\":\"https:\\\/\\\/www.aliadospuebla.com\\\/#\\\/schema\\\/person\\\/5da7dd09320bd4f392b710017ed5f8ad\"},\"breadcrumb\":{\"@id\":\"https:\\\/\\\/www.aliadospuebla.com\\\/?p=100978#breadcrumb\"},\"inLanguage\":\"es\",\"potentialAction\":[{\"@type\":\"ReadAction\",\"target\":[\"https:\\\/\\\/www.aliadospuebla.com\\\/?p=100978\"]}]},{\"@type\":\"ImageObject\",\"inLanguage\":\"es\",\"@id\":\"https:\\\/\\\/www.aliadospuebla.com\\\/?p=100978#primaryimage\",\"url\":\"https:\\\/\\\/www.aliadospuebla.com\\\/web2017\\\/wp-content\\\/uploads\\\/2025\\\/01\\\/306.jpg\",\"contentUrl\":\"https:\\\/\\\/www.aliadospuebla.com\\\/web2017\\\/wp-content\\\/uploads\\\/2025\\\/01\\\/306.jpg\",\"width\":600,\"height\":450},{\"@type\":\"BreadcrumbList\",\"@id\":\"https:\\\/\\\/www.aliadospuebla.com\\\/?p=100978#breadcrumb\",\"itemListElement\":[{\"@type\":\"ListItem\",\"position\":1,\"name\":\"Portada\",\"item\":\"https:\\\/\\\/www.aliadospuebla.com\\\/\"},{\"@type\":\"ListItem\",\"position\":2,\"name\":\"Tecamachalco impulsa el campo con una inversi\u00f3n de 7 mdp para semillas mejoradas\"}]},{\"@type\":\"WebSite\",\"@id\":\"https:\\\/\\\/www.aliadospuebla.com\\\/#website\",\"url\":\"https:\\\/\\\/www.aliadospuebla.com\\\/\",\"name\":\"AliadosPuebla\",\"description\":\"La informaci\u00f3n en tus manos\",\"potentialAction\":[{\"@type\":\"SearchAction\",\"target\":{\"@type\":\"EntryPoint\",\"urlTemplate\":\"https:\\\/\\\/www.aliadospuebla.com\\\/?s={search_term_string}\"},\"query-input\":{\"@type\":\"PropertyValueSpecification\",\"valueRequired\":true,\"valueName\":\"search_term_string\"}}],\"inLanguage\":\"es\"},{\"@type\":\"Person\",\"@id\":\"https:\\\/\\\/www.aliadospuebla.com\\\/#\\\/schema\\\/person\\\/5da7dd09320bd4f392b710017ed5f8ad\",\"name\":\"Aliados17\",\"image\":{\"@type\":\"ImageObject\",\"inLanguage\":\"es\",\"@id\":\"https:\\\/\\\/www.aliadospuebla.com\\\/web2017\\\/wp-content\\\/uploads\\\/2025\\\/03\\\/cropped-para-perfil-8-anos-1-96x96.jpg\",\"url\":\"https:\\\/\\\/www.aliadospuebla.com\\\/web2017\\\/wp-content\\\/uploads\\\/2025\\\/03\\\/cropped-para-perfil-8-anos-1-96x96.jpg\",\"contentUrl\":\"https:\\\/\\\/www.aliadospuebla.com\\\/web2017\\\/wp-content\\\/uploads\\\/2025\\\/03\\\/cropped-para-perfil-8-anos-1-96x96.jpg\",\"caption\":\"Aliados17\"},\"sameAs\":[\"https:\\\/\\\/www.aliados17.com\",\"https:\\\/\\\/www.facebook.com\\\/Aliados17Pue\",\"https:\\\/\\\/x.com\\\/AliadosPuebla\"],\"url\":\"https:\\\/\\\/www.aliadospuebla.com\\\/?author=2\"}]}<\/script>\n<!-- \/ Yoast SEO plugin. -->","yoast_head_json":{"title":"Tecamachalco impulsa el campo con una inversi\u00f3n de 7 mdp para semillas mejoradas - AliadosPuebla","robots":{"index":"index","follow":"follow","max-snippet":"max-snippet:-1","max-image-preview":"max-image-preview:large","max-video-preview":"max-video-preview:-1"},"canonical":"https:\/\/www.aliadospuebla.com\/?p=100978","og_locale":"es_ES","og_type":"article","og_title":"Tecamachalco impulsa el campo con una inversi\u00f3n de 7 mdp para semillas mejoradas - AliadosPuebla","og_description":"En el marco de la primera Expo Agropecuaria Tecamachalco 2025, el presidente municipal, Mateo Hern\u00e1ndez, anunci\u00f3 una inversi\u00f3n de m\u00e1s de 7 millones de pesos en apoyo a los campesinos del municipio, destinados a la entrega de semilla mejorada para el pr\u00f3ximo ciclo agr\u00edcola. Este apoyo es una clara muestra del compromiso de la administraci\u00f3n municipal por fortalecer el campo local y potenciar la producci\u00f3n agropecuaria de la regi\u00f3n. Durante el evento, que reuni\u00f3 a decenas de productores locales, el presidente Hern\u00e1ndez destac\u00f3 que en Tecamachalco se generan anualmente alrededor de 14 mil toneladas de ma\u00edz en 3 mil 500 hect\u00e1reas, lo que resalta la importancia de seguir apostando por el desarrollo agropecuario en la regi\u00f3n. Adem\u00e1s, reiter\u00f3 su compromiso de seguir trabajando en equipo&hellip;Leer m\u00e1s...","og_url":"https:\/\/www.aliadospuebla.com\/?p=100978","og_site_name":"AliadosPuebla","article_author":"https:\/\/www.facebook.com\/Aliados17Pue","article_published_time":"2025-01-24T03:35:42+00:00","article_modified_time":"2025-01-24T03:39:13+00:00","og_image":[{"width":600,"height":450,"url":"https:\/\/www.aliadospuebla.com\/web2017\/wp-content\/uploads\/2025\/01\/306.jpg","type":"image\/jpeg"}],"author":"Aliados17","twitter_card":"summary_large_image","twitter_creator":"@AliadosPuebla","twitter_misc":{"Escrito por":"Aliados17","Tiempo de lectura":"2 minutos"},"schema":{"@context":"https:\/\/schema.org","@graph":[{"@type":"Article","@id":"https:\/\/www.aliadospuebla.com\/?p=100978#article","isPartOf":{"@id":"https:\/\/www.aliadospuebla.com\/?p=100978"},"author":{"name":"Aliados17","@id":"https:\/\/www.aliadospuebla.com\/#\/schema\/person\/5da7dd09320bd4f392b710017ed5f8ad"},"headline":"Tecamachalco impulsa el campo con una inversi\u00f3n de 7 mdp para semillas mejoradas","datePublished":"2025-01-24T03:35:42+00:00","dateModified":"2025-01-24T03:39:13+00:00","mainEntityOfPage":{"@id":"https:\/\/www.aliadospuebla.com\/?p=100978"},"wordCount":331,"commentCount":0,"image":{"@id":"https:\/\/www.aliadospuebla.com\/?p=100978#primaryimage"},"thumbnailUrl":"https:\/\/www.aliadospuebla.com\/web2017\/wp-content\/uploads\/2025\/01\/306.jpg","keywords":["campo local","DESARROLLO AGROPECUARIO","Expo Agropecuaria Tecamachalco 2025","Mateo Hern\u00e1ndez","Morayma Rub\u00ed Joven","semillas mejoradas","Tecamachalco"],"articleSection":["Municipios"],"inLanguage":"es","potentialAction":[{"@type":"CommentAction","name":"Comment","target":["https:\/\/www.aliadospuebla.com\/?p=100978#respond"]}]},{"@type":"WebPage","@id":"https:\/\/www.aliadospuebla.com\/?p=100978","url":"https:\/\/www.aliadospuebla.com\/?p=100978","name":"Tecamachalco impulsa el campo con una inversi\u00f3n de 7 mdp para semillas mejoradas - AliadosPuebla","isPartOf":{"@id":"https:\/\/www.aliadospuebla.com\/#website"},"primaryImageOfPage":{"@id":"https:\/\/www.aliadospuebla.com\/?p=100978#primaryimage"},"image":{"@id":"https:\/\/www.aliadospuebla.com\/?p=100978#primaryimage"},"thumbnailUrl":"https:\/\/www.aliadospuebla.com\/web2017\/wp-content\/uploads\/2025\/01\/306.jpg","datePublished":"2025-01-24T03:35:42+00:00","dateModified":"2025-01-24T03:39:13+00:00","author":{"@id":"https:\/\/www.aliadospuebla.com\/#\/schema\/person\/5da7dd09320bd4f392b710017ed5f8ad"},"breadcrumb":{"@id":"https:\/\/www.aliadospuebla.com\/?p=100978#breadcrumb"},"inLanguage":"es","potentialAction":[{"@type":"ReadAction","target":["https:\/\/www.aliadospuebla.com\/?p=100978"]}]},{"@type":"ImageObject","inLanguage":"es","@id":"https:\/\/www.aliadospuebla.com\/?p=100978#primaryimage","url":"https:\/\/www.aliadospuebla.com\/web2017\/wp-content\/uploads\/2025\/01\/306.jpg","contentUrl":"https:\/\/www.aliadospuebla.com\/web2017\/wp-content\/uploads\/2025\/01\/306.jpg","width":600,"height":450},{"@type":"BreadcrumbList","@id":"https:\/\/www.aliadospuebla.com\/?p=100978#breadcrumb","itemListElement":[{"@type":"ListItem","position":1,"name":"Portada","item":"https:\/\/www.aliadospuebla.com\/"},{"@type":"ListItem","position":2,"name":"Tecamachalco impulsa el campo con una inversi\u00f3n de 7 mdp para semillas mejoradas"}]},{"@type":"WebSite","@id":"https:\/\/www.aliadospuebla.com\/#website","url":"https:\/\/www.aliadospuebla.com\/","name":"AliadosPuebla","description":"La informaci\u00f3n en tus manos","potentialAction":[{"@type":"SearchAction","target":{"@type":"EntryPoint","urlTemplate":"https:\/\/www.aliadospuebla.com\/?s={search_term_string}"},"query-input":{"@type":"PropertyValueSpecification","valueRequired":true,"valueName":"search_term_string"}}],"inLanguage":"es"},{"@type":"Person","@id":"https:\/\/www.aliadospuebla.com\/#\/schema\/person\/5da7dd09320bd4f392b710017ed5f8ad","name":"Aliados17","image":{"@type":"ImageObject","inLanguage":"es","@id":"https:\/\/www.aliadospuebla.com\/web2017\/wp-content\/uploads\/2025\/03\/cropped-para-perfil-8-anos-1-96x96.jpg","url":"https:\/\/www.aliadospuebla.com\/web2017\/wp-content\/uploads\/2025\/03\/cropped-para-perfil-8-anos-1-96x96.jpg","contentUrl":"https:\/\/www.aliadospuebla.com\/web2017\/wp-content\/uploads\/2025\/03\/cropped-para-perfil-8-anos-1-96x96.jpg","caption":"Aliados17"},"sameAs":["https:\/\/www.aliados17.com","https:\/\/www.facebook.com\/Aliados17Pue","https:\/\/x.com\/AliadosPuebla"],"url":"https:\/\/www.aliadospuebla.com\/?author=2"}]}},"views":19,"_links":{"self":[{"href":"https:\/\/www.aliadospuebla.com\/index.php?rest_route=\/wp\/v2\/posts\/100978","targetHints":{"allow":["GET"]}}],"collection":[{"href":"https:\/\/www.aliadospuebla.com\/index.php?rest_route=\/wp\/v2\/posts"}],"about":[{"href":"https:\/\/www.aliadospuebla.com\/index.php?rest_route=\/wp\/v2\/types\/post"}],"author":[{"embeddable":true,"href":"https:\/\/www.aliadospuebla.com\/index.php?rest_route=\/wp\/v2\/users\/2"}],"replies":[{"embeddable":true,"href":"https:\/\/www.aliadospuebla.com\/index.php?rest_route=%2Fwp%2Fv2%2Fcomments&post=100978"}],"version-history":[{"count":1,"href":"https:\/\/www.aliadospuebla.com\/index.php?rest_route=\/wp\/v2\/posts\/100978\/revisions"}],"predecessor-version":[{"id":100980,"href":"https:\/\/www.aliadospuebla.com\/index.php?rest_route=\/wp\/v2\/posts\/100978\/revisions\/100980"}],"wp:featuredmedia":[{"embeddable":true,"href":"https:\/\/www.aliadospuebla.com\/index.php?rest_route=\/wp\/v2\/media\/100979"}],"wp:attachment":[{"href":"https:\/\/www.aliadospuebla.com\/index.php?rest_route=%2Fwp%2Fv2%2Fmedia&parent=100978"}],"wp:term":[{"taxonomy":"category","embeddable":true,"href":"https:\/\/www.aliadospuebla.com\/index.php?rest_route=%2Fwp%2Fv2%2Fcategories&post=100978"},{"taxonomy":"post_tag","embeddable":true,"href":"https:\/\/www.aliadospuebla.com\/index.php?rest_route=%2Fwp%2Fv2%2Ftags&post=100978"}],"curies":[{"name":"wp","href":"https:\/\/api.w.org\/{rel}","templated":true}]}}