{"id":100975,"date":"2025-01-23T21:19:28","date_gmt":"2025-01-24T03:19:28","guid":{"rendered":"https:\/\/www.aliados17.com\/?p=100975"},"modified":"2025-01-23T21:19:28","modified_gmt":"2025-01-24T03:19:28","slug":"la-presidenta-del-sistema-dif-municipal-tecamachalco-se-reune-con-autoridades-de-dif-federal","status":"publish","type":"post","link":"https:\/\/www.aliadospuebla.com\/?p=100975","title":{"rendered":"LA PRESIDENTA DEL SISTEMA DIF MUNICIPAL TECAMACHALCO SE REUNE CON AUTORIDADES DE DIF FEDERAL"},"content":{"rendered":"<h4>Nuestra presidenta del DIF municipal, Mar\u00eda del Rosario Guti\u00e9rrez Ni\u00f1o, ha dado un paso significativo en la mejora de nuestros servicios sociales.<\/h4>\n<p>Se reuni\u00f3 con el Dr. Ricardo Cort\u00e9s Alcal\u00e1, director general de rehabilitaci\u00f3n del DIF federal, y con la Maestra Gloria Tokunaga Casta\u00f1eda, directora general de integraci\u00f3n social del DIF Nacional y con el Arquitecto Arturo Balandrano Campos titular de la direcci\u00f3n de sitios y monumentos del patrimonio cultural<\/p>\n<p>La presidenta Guti\u00e9rrez Ni\u00f1o est\u00e1 comprometida con la mejora continua de nuestro DIF municipal y busca recursos y apoyo para implementar programas que beneficien a quienes m\u00e1s lo necesitan.<\/p>\n<p>La colaboraci\u00f3n entre el DIF Municipal y el DIF Nacional es clave para fortalecer nuestras iniciativas locales y responder a las necesidades de nuestra poblaci\u00f3n.<\/p>\n<p>agradecemos a la presidenta por su dedicaci\u00f3n y esfuerzo.<\/p>\n<p>Estaremos atentos a los avances que surjan de esta reuni\u00f3n y esperamos ver resultados pronto.<\/p>\n","protected":false},"excerpt":{"rendered":"<p>Nuestra presidenta del DIF municipal, Mar\u00eda del Rosario Guti\u00e9rrez Ni\u00f1o, ha dado un paso significativo en la mejora de nuestros servicios sociales. Se reuni\u00f3 con el Dr. Ricardo Cort\u00e9s Alcal\u00e1, director general de rehabilitaci\u00f3n del DIF federal, y con la Maestra Gloria Tokunaga Casta\u00f1eda, directora general de integraci\u00f3n social del DIF Nacional y con el Arquitecto Arturo Balandrano Campos titular de la direcci\u00f3n de sitios y monumentos del patrimonio cultural La presidenta Guti\u00e9rrez Ni\u00f1o est\u00e1 comprometida con la mejora continua de nuestro DIF municipal y busca recursos y apoyo para implementar programas que beneficien a quienes m\u00e1s lo necesitan. La colaboraci\u00f3n entre el DIF Municipal y el DIF Nacional es clave para fortalecer nuestras iniciativas locales y responder a las necesidades de nuestra poblaci\u00f3n. agradecemos&hellip;<\/p>\n<p class=\"excerpt-more\"><a class=\"blog-excerpt button\" href=\"https:\/\/www.aliadospuebla.com\/?p=100975\">Leer m\u00e1s&#8230;<\/a><\/p>\n","protected":false},"author":2,"featured_media":100976,"comment_status":"open","ping_status":"open","sticky":false,"template":"","format":"standard","meta":{"_monsterinsights_skip_tracking":false,"footnotes":""},"categories":[4],"tags":[27101,383,27102,27103,26478,1397,27100],"class_list":["post-100975","post","type-post","status-publish","format-standard","has-post-thumbnail","hentry","category-municipios","tag-dif-federal","tag-dif-municipal","tag-dif-nacional","tag-gloria-tokunaga-castaneda","tag-maria-del-rosario-gutierrez-nino","tag-programas","tag-ricardo-cortes-alcala"],"yoast_head":"<!-- This site is optimized with the Yoast SEO plugin v28.4 - https:\/\/yoast.com\/product\/yoast-seo-wordpress\/ -->\n<title>LA PRESIDENTA DEL SISTEMA DIF MUNICIPAL TECAMACHALCO SE REUNE CON AUTORIDADES DE DIF FEDERAL - AliadosPuebla<\/title>\n<meta name=\"robots\" content=\"index, follow, max-snippet:-1, max-image-preview:large, max-video-preview:-1\" \/>\n<link rel=\"canonical\" href=\"https:\/\/www.aliadospuebla.com\/?p=100975\" \/>\n<meta property=\"og:locale\" content=\"es_ES\" \/>\n<meta property=\"og:type\" content=\"article\" \/>\n<meta property=\"og:title\" content=\"LA PRESIDENTA DEL SISTEMA DIF MUNICIPAL TECAMACHALCO SE REUNE CON AUTORIDADES DE DIF FEDERAL - AliadosPuebla\" \/>\n<meta property=\"og:description\" content=\"Nuestra presidenta del DIF municipal, Mar\u00eda del Rosario Guti\u00e9rrez Ni\u00f1o, ha dado un paso significativo en la mejora de nuestros servicios sociales. Se reuni\u00f3 con el Dr. Ricardo Cort\u00e9s Alcal\u00e1, director general de rehabilitaci\u00f3n del DIF federal, y con la Maestra Gloria Tokunaga Casta\u00f1eda, directora general de integraci\u00f3n social del DIF Nacional y con el Arquitecto Arturo Balandrano Campos titular de la direcci\u00f3n de sitios y monumentos del patrimonio cultural La presidenta Guti\u00e9rrez Ni\u00f1o est\u00e1 comprometida con la mejora continua de nuestro DIF municipal y busca recursos y apoyo para implementar programas que beneficien a quienes m\u00e1s lo necesitan. La colaboraci\u00f3n entre el DIF Municipal y el DIF Nacional es clave para fortalecer nuestras iniciativas locales y responder a las necesidades de nuestra poblaci\u00f3n. agradecemos&hellip;Leer m\u00e1s...\" \/>\n<meta property=\"og:url\" content=\"https:\/\/www.aliadospuebla.com\/?p=100975\" \/>\n<meta property=\"og:site_name\" content=\"AliadosPuebla\" \/>\n<meta property=\"article:author\" content=\"https:\/\/www.facebook.com\/Aliados17Pue\" \/>\n<meta property=\"article:published_time\" content=\"2025-01-24T03:19:28+00:00\" \/>\n<meta property=\"og:image\" content=\"https:\/\/www.aliadospuebla.com\/web2017\/wp-content\/uploads\/2025\/01\/305.jpg\" \/>\n\t<meta property=\"og:image:width\" content=\"600\" \/>\n\t<meta property=\"og:image:height\" content=\"450\" \/>\n\t<meta property=\"og:image:type\" content=\"image\/jpeg\" \/>\n<meta name=\"author\" content=\"Aliados17\" \/>\n<meta name=\"twitter:card\" content=\"summary_large_image\" \/>\n<meta name=\"twitter:creator\" content=\"@AliadosPuebla\" \/>\n<meta name=\"twitter:label1\" content=\"Escrito por\" \/>\n\t<meta name=\"twitter:data1\" content=\"Aliados17\" \/>\n\t<meta name=\"twitter:label2\" content=\"Tiempo de lectura\" \/>\n\t<meta name=\"twitter:data2\" content=\"1 minuto\" \/>\n<script type=\"application\/ld+json\" class=\"yoast-schema-graph\">{\"@context\":\"https:\\\/\\\/schema.org\",\"@graph\":[{\"@type\":\"Article\",\"@id\":\"https:\\\/\\\/www.aliadospuebla.com\\\/?p=100975#article\",\"isPartOf\":{\"@id\":\"https:\\\/\\\/www.aliadospuebla.com\\\/?p=100975\"},\"author\":{\"name\":\"Aliados17\",\"@id\":\"https:\\\/\\\/www.aliadospuebla.com\\\/#\\\/schema\\\/person\\\/5da7dd09320bd4f392b710017ed5f8ad\"},\"headline\":\"LA PRESIDENTA DEL SISTEMA DIF MUNICIPAL TECAMACHALCO SE REUNE CON AUTORIDADES DE DIF FEDERAL\",\"datePublished\":\"2025-01-24T03:19:28+00:00\",\"mainEntityOfPage\":{\"@id\":\"https:\\\/\\\/www.aliadospuebla.com\\\/?p=100975\"},\"wordCount\":177,\"commentCount\":0,\"image\":{\"@id\":\"https:\\\/\\\/www.aliadospuebla.com\\\/?p=100975#primaryimage\"},\"thumbnailUrl\":\"https:\\\/\\\/www.aliadospuebla.com\\\/web2017\\\/wp-content\\\/uploads\\\/2025\\\/01\\\/305.jpg\",\"keywords\":[\"DIF federal\",\"DIF MUNICIPAL\",\"DIF Nacional\",\"Gloria Tokunaga Casta\u00f1eda\",\"Mar\u00eda del Rosario Guti\u00e9rrez Ni\u00f1o\",\"PROGRAMAS\",\"Ricardo Cort\u00e9s Alcal\u00e1\"],\"articleSection\":[\"Municipios\"],\"inLanguage\":\"es\",\"potentialAction\":[{\"@type\":\"CommentAction\",\"name\":\"Comment\",\"target\":[\"https:\\\/\\\/www.aliadospuebla.com\\\/?p=100975#respond\"]}]},{\"@type\":\"WebPage\",\"@id\":\"https:\\\/\\\/www.aliadospuebla.com\\\/?p=100975\",\"url\":\"https:\\\/\\\/www.aliadospuebla.com\\\/?p=100975\",\"name\":\"LA PRESIDENTA DEL SISTEMA DIF MUNICIPAL TECAMACHALCO SE REUNE CON AUTORIDADES DE DIF FEDERAL - AliadosPuebla\",\"isPartOf\":{\"@id\":\"https:\\\/\\\/www.aliadospuebla.com\\\/#website\"},\"primaryImageOfPage\":{\"@id\":\"https:\\\/\\\/www.aliadospuebla.com\\\/?p=100975#primaryimage\"},\"image\":{\"@id\":\"https:\\\/\\\/www.aliadospuebla.com\\\/?p=100975#primaryimage\"},\"thumbnailUrl\":\"https:\\\/\\\/www.aliadospuebla.com\\\/web2017\\\/wp-content\\\/uploads\\\/2025\\\/01\\\/305.jpg\",\"datePublished\":\"2025-01-24T03:19:28+00:00\",\"author\":{\"@id\":\"https:\\\/\\\/www.aliadospuebla.com\\\/#\\\/schema\\\/person\\\/5da7dd09320bd4f392b710017ed5f8ad\"},\"breadcrumb\":{\"@id\":\"https:\\\/\\\/www.aliadospuebla.com\\\/?p=100975#breadcrumb\"},\"inLanguage\":\"es\",\"potentialAction\":[{\"@type\":\"ReadAction\",\"target\":[\"https:\\\/\\\/www.aliadospuebla.com\\\/?p=100975\"]}]},{\"@type\":\"ImageObject\",\"inLanguage\":\"es\",\"@id\":\"https:\\\/\\\/www.aliadospuebla.com\\\/?p=100975#primaryimage\",\"url\":\"https:\\\/\\\/www.aliadospuebla.com\\\/web2017\\\/wp-content\\\/uploads\\\/2025\\\/01\\\/305.jpg\",\"contentUrl\":\"https:\\\/\\\/www.aliadospuebla.com\\\/web2017\\\/wp-content\\\/uploads\\\/2025\\\/01\\\/305.jpg\",\"width\":600,\"height\":450},{\"@type\":\"BreadcrumbList\",\"@id\":\"https:\\\/\\\/www.aliadospuebla.com\\\/?p=100975#breadcrumb\",\"itemListElement\":[{\"@type\":\"ListItem\",\"position\":1,\"name\":\"Portada\",\"item\":\"https:\\\/\\\/www.aliadospuebla.com\\\/\"},{\"@type\":\"ListItem\",\"position\":2,\"name\":\"LA PRESIDENTA DEL SISTEMA DIF MUNICIPAL TECAMACHALCO SE REUNE CON AUTORIDADES DE DIF FEDERAL\"}]},{\"@type\":\"WebSite\",\"@id\":\"https:\\\/\\\/www.aliadospuebla.com\\\/#website\",\"url\":\"https:\\\/\\\/www.aliadospuebla.com\\\/\",\"name\":\"AliadosPuebla\",\"description\":\"La informaci\u00f3n en tus manos\",\"potentialAction\":[{\"@type\":\"SearchAction\",\"target\":{\"@type\":\"EntryPoint\",\"urlTemplate\":\"https:\\\/\\\/www.aliadospuebla.com\\\/?s={search_term_string}\"},\"query-input\":{\"@type\":\"PropertyValueSpecification\",\"valueRequired\":true,\"valueName\":\"search_term_string\"}}],\"inLanguage\":\"es\"},{\"@type\":\"Person\",\"@id\":\"https:\\\/\\\/www.aliadospuebla.com\\\/#\\\/schema\\\/person\\\/5da7dd09320bd4f392b710017ed5f8ad\",\"name\":\"Aliados17\",\"image\":{\"@type\":\"ImageObject\",\"inLanguage\":\"es\",\"@id\":\"https:\\\/\\\/www.aliadospuebla.com\\\/web2017\\\/wp-content\\\/uploads\\\/2025\\\/03\\\/cropped-para-perfil-8-anos-1-96x96.jpg\",\"url\":\"https:\\\/\\\/www.aliadospuebla.com\\\/web2017\\\/wp-content\\\/uploads\\\/2025\\\/03\\\/cropped-para-perfil-8-anos-1-96x96.jpg\",\"contentUrl\":\"https:\\\/\\\/www.aliadospuebla.com\\\/web2017\\\/wp-content\\\/uploads\\\/2025\\\/03\\\/cropped-para-perfil-8-anos-1-96x96.jpg\",\"caption\":\"Aliados17\"},\"sameAs\":[\"https:\\\/\\\/www.aliados17.com\",\"https:\\\/\\\/www.facebook.com\\\/Aliados17Pue\",\"https:\\\/\\\/x.com\\\/AliadosPuebla\"],\"url\":\"https:\\\/\\\/www.aliadospuebla.com\\\/?author=2\"}]}<\/script>\n<!-- \/ Yoast SEO plugin. -->","yoast_head_json":{"title":"LA PRESIDENTA DEL SISTEMA DIF MUNICIPAL TECAMACHALCO SE REUNE CON AUTORIDADES DE DIF FEDERAL - AliadosPuebla","robots":{"index":"index","follow":"follow","max-snippet":"max-snippet:-1","max-image-preview":"max-image-preview:large","max-video-preview":"max-video-preview:-1"},"canonical":"https:\/\/www.aliadospuebla.com\/?p=100975","og_locale":"es_ES","og_type":"article","og_title":"LA PRESIDENTA DEL SISTEMA DIF MUNICIPAL TECAMACHALCO SE REUNE CON AUTORIDADES DE DIF FEDERAL - AliadosPuebla","og_description":"Nuestra presidenta del DIF municipal, Mar\u00eda del Rosario Guti\u00e9rrez Ni\u00f1o, ha dado un paso significativo en la mejora de nuestros servicios sociales. Se reuni\u00f3 con el Dr. Ricardo Cort\u00e9s Alcal\u00e1, director general de rehabilitaci\u00f3n del DIF federal, y con la Maestra Gloria Tokunaga Casta\u00f1eda, directora general de integraci\u00f3n social del DIF Nacional y con el Arquitecto Arturo Balandrano Campos titular de la direcci\u00f3n de sitios y monumentos del patrimonio cultural La presidenta Guti\u00e9rrez Ni\u00f1o est\u00e1 comprometida con la mejora continua de nuestro DIF municipal y busca recursos y apoyo para implementar programas que beneficien a quienes m\u00e1s lo necesitan. La colaboraci\u00f3n entre el DIF Municipal y el DIF Nacional es clave para fortalecer nuestras iniciativas locales y responder a las necesidades de nuestra poblaci\u00f3n. agradecemos&hellip;Leer m\u00e1s...","og_url":"https:\/\/www.aliadospuebla.com\/?p=100975","og_site_name":"AliadosPuebla","article_author":"https:\/\/www.facebook.com\/Aliados17Pue","article_published_time":"2025-01-24T03:19:28+00:00","og_image":[{"width":600,"height":450,"url":"https:\/\/www.aliadospuebla.com\/web2017\/wp-content\/uploads\/2025\/01\/305.jpg","type":"image\/jpeg"}],"author":"Aliados17","twitter_card":"summary_large_image","twitter_creator":"@AliadosPuebla","twitter_misc":{"Escrito por":"Aliados17","Tiempo de lectura":"1 minuto"},"schema":{"@context":"https:\/\/schema.org","@graph":[{"@type":"Article","@id":"https:\/\/www.aliadospuebla.com\/?p=100975#article","isPartOf":{"@id":"https:\/\/www.aliadospuebla.com\/?p=100975"},"author":{"name":"Aliados17","@id":"https:\/\/www.aliadospuebla.com\/#\/schema\/person\/5da7dd09320bd4f392b710017ed5f8ad"},"headline":"LA PRESIDENTA DEL SISTEMA DIF MUNICIPAL TECAMACHALCO SE REUNE CON AUTORIDADES DE DIF FEDERAL","datePublished":"2025-01-24T03:19:28+00:00","mainEntityOfPage":{"@id":"https:\/\/www.aliadospuebla.com\/?p=100975"},"wordCount":177,"commentCount":0,"image":{"@id":"https:\/\/www.aliadospuebla.com\/?p=100975#primaryimage"},"thumbnailUrl":"https:\/\/www.aliadospuebla.com\/web2017\/wp-content\/uploads\/2025\/01\/305.jpg","keywords":["DIF federal","DIF MUNICIPAL","DIF Nacional","Gloria Tokunaga Casta\u00f1eda","Mar\u00eda del Rosario Guti\u00e9rrez Ni\u00f1o","PROGRAMAS","Ricardo Cort\u00e9s Alcal\u00e1"],"articleSection":["Municipios"],"inLanguage":"es","potentialAction":[{"@type":"CommentAction","name":"Comment","target":["https:\/\/www.aliadospuebla.com\/?p=100975#respond"]}]},{"@type":"WebPage","@id":"https:\/\/www.aliadospuebla.com\/?p=100975","url":"https:\/\/www.aliadospuebla.com\/?p=100975","name":"LA PRESIDENTA DEL SISTEMA DIF MUNICIPAL TECAMACHALCO SE REUNE CON AUTORIDADES DE DIF FEDERAL - AliadosPuebla","isPartOf":{"@id":"https:\/\/www.aliadospuebla.com\/#website"},"primaryImageOfPage":{"@id":"https:\/\/www.aliadospuebla.com\/?p=100975#primaryimage"},"image":{"@id":"https:\/\/www.aliadospuebla.com\/?p=100975#primaryimage"},"thumbnailUrl":"https:\/\/www.aliadospuebla.com\/web2017\/wp-content\/uploads\/2025\/01\/305.jpg","datePublished":"2025-01-24T03:19:28+00:00","author":{"@id":"https:\/\/www.aliadospuebla.com\/#\/schema\/person\/5da7dd09320bd4f392b710017ed5f8ad"},"breadcrumb":{"@id":"https:\/\/www.aliadospuebla.com\/?p=100975#breadcrumb"},"inLanguage":"es","potentialAction":[{"@type":"ReadAction","target":["https:\/\/www.aliadospuebla.com\/?p=100975"]}]},{"@type":"ImageObject","inLanguage":"es","@id":"https:\/\/www.aliadospuebla.com\/?p=100975#primaryimage","url":"https:\/\/www.aliadospuebla.com\/web2017\/wp-content\/uploads\/2025\/01\/305.jpg","contentUrl":"https:\/\/www.aliadospuebla.com\/web2017\/wp-content\/uploads\/2025\/01\/305.jpg","width":600,"height":450},{"@type":"BreadcrumbList","@id":"https:\/\/www.aliadospuebla.com\/?p=100975#breadcrumb","itemListElement":[{"@type":"ListItem","position":1,"name":"Portada","item":"https:\/\/www.aliadospuebla.com\/"},{"@type":"ListItem","position":2,"name":"LA PRESIDENTA DEL SISTEMA DIF MUNICIPAL TECAMACHALCO SE REUNE CON AUTORIDADES DE DIF FEDERAL"}]},{"@type":"WebSite","@id":"https:\/\/www.aliadospuebla.com\/#website","url":"https:\/\/www.aliadospuebla.com\/","name":"AliadosPuebla","description":"La informaci\u00f3n en tus manos","potentialAction":[{"@type":"SearchAction","target":{"@type":"EntryPoint","urlTemplate":"https:\/\/www.aliadospuebla.com\/?s={search_term_string}"},"query-input":{"@type":"PropertyValueSpecification","valueRequired":true,"valueName":"search_term_string"}}],"inLanguage":"es"},{"@type":"Person","@id":"https:\/\/www.aliadospuebla.com\/#\/schema\/person\/5da7dd09320bd4f392b710017ed5f8ad","name":"Aliados17","image":{"@type":"ImageObject","inLanguage":"es","@id":"https:\/\/www.aliadospuebla.com\/web2017\/wp-content\/uploads\/2025\/03\/cropped-para-perfil-8-anos-1-96x96.jpg","url":"https:\/\/www.aliadospuebla.com\/web2017\/wp-content\/uploads\/2025\/03\/cropped-para-perfil-8-anos-1-96x96.jpg","contentUrl":"https:\/\/www.aliadospuebla.com\/web2017\/wp-content\/uploads\/2025\/03\/cropped-para-perfil-8-anos-1-96x96.jpg","caption":"Aliados17"},"sameAs":["https:\/\/www.aliados17.com","https:\/\/www.facebook.com\/Aliados17Pue","https:\/\/x.com\/AliadosPuebla"],"url":"https:\/\/www.aliadospuebla.com\/?author=2"}]}},"views":7,"_links":{"self":[{"href":"https:\/\/www.aliadospuebla.com\/index.php?rest_route=\/wp\/v2\/posts\/100975","targetHints":{"allow":["GET"]}}],"collection":[{"href":"https:\/\/www.aliadospuebla.com\/index.php?rest_route=\/wp\/v2\/posts"}],"about":[{"href":"https:\/\/www.aliadospuebla.com\/index.php?rest_route=\/wp\/v2\/types\/post"}],"author":[{"embeddable":true,"href":"https:\/\/www.aliadospuebla.com\/index.php?rest_route=\/wp\/v2\/users\/2"}],"replies":[{"embeddable":true,"href":"https:\/\/www.aliadospuebla.com\/index.php?rest_route=%2Fwp%2Fv2%2Fcomments&post=100975"}],"version-history":[{"count":1,"href":"https:\/\/www.aliadospuebla.com\/index.php?rest_route=\/wp\/v2\/posts\/100975\/revisions"}],"predecessor-version":[{"id":100977,"href":"https:\/\/www.aliadospuebla.com\/index.php?rest_route=\/wp\/v2\/posts\/100975\/revisions\/100977"}],"wp:featuredmedia":[{"embeddable":true,"href":"https:\/\/www.aliadospuebla.com\/index.php?rest_route=\/wp\/v2\/media\/100976"}],"wp:attachment":[{"href":"https:\/\/www.aliadospuebla.com\/index.php?rest_route=%2Fwp%2Fv2%2Fmedia&parent=100975"}],"wp:term":[{"taxonomy":"category","embeddable":true,"href":"https:\/\/www.aliadospuebla.com\/index.php?rest_route=%2Fwp%2Fv2%2Fcategories&post=100975"},{"taxonomy":"post_tag","embeddable":true,"href":"https:\/\/www.aliadospuebla.com\/index.php?rest_route=%2Fwp%2Fv2%2Ftags&post=100975"}],"curies":[{"name":"wp","href":"https:\/\/api.w.org\/{rel}","templated":true}]}}