{"id":100918,"date":"2025-01-21T23:10:53","date_gmt":"2025-01-22T05:10:53","guid":{"rendered":"https:\/\/www.aliados17.com\/?p=100918"},"modified":"2025-01-21T23:10:53","modified_gmt":"2025-01-22T05:10:53","slug":"compromiso-trabajo-y-resultados-severiano-de-la-rosa-bachea-carretera-federal-de-amozoc","status":"publish","type":"post","link":"https:\/\/www.aliadospuebla.com\/?p=100918","title":{"rendered":"\u00a1Compromiso, Trabajo y Resultados! Severiano de la Rosa bachea carretera federal de Amozoc"},"content":{"rendered":"<h4>Amozoc de Mota, Puebla.- El mantenimiento de la carretera federal Puebla-Tehuac\u00e1n, era una necesidad urgente para el municipio de Amozoc, y aunque esta responsabilidad no es directamente del ayuntamiento, hoy es una realidad gracias al firme compromiso del presidente municipal, Severiano de la Rosa Romero.<\/h4>\n<p>Esta ma\u00f1ana, se dio inicio a los trabajos de bacheo a la altura de Amozoc,<\/p>\n<p>una acci\u00f3n clave para mejorar la seguridad vial, reducir accidentes y proteger<\/p>\n<p>a los veh\u00edculos que diariamente transitan por esta importante arteria.<\/p>\n<p>Adem\u00e1s, se realizaron labores complementarias que fortalecen la infraestructura de esta carretera.<\/p>\n<p>Acciones como el mantenimiento del camell\u00f3n central, fueron realizadas logrando un espacio limpio y ordenado.<\/p>\n<p>Tambi\u00e9n se realizo la reparaci\u00f3n de tapas y registros abiertos, eliminando riesgos para peatones y automovilistas.<\/p>\n<p>Estas acciones no solo responden a una necesidad inmediata, sino que tambi\u00e9n<\/p>\n<p>reflejan el compromiso de la administraci\u00f3n municipal por garantizar una infraestructura digna<\/p>\n<p>y segura para los habitantes y visitantes de Amozoc.<\/p>\n<p>\u201cEstamos trabajando para que nuestro municipio avance con mejores condiciones para todos. Estas obras son un ejemplo de nuestro compromiso con la seguridad y el bienestar de nuestra comunidad\u201d, se\u00f1al\u00f3 el presidente municipal.<\/p>\n<p>Con obras como esta, el gobierno municipal reafirma su compromiso de trabajar por un Amozoc m\u00e1s seguro y con infraestructura de calidad.<\/p>\n","protected":false},"excerpt":{"rendered":"<p>Amozoc de Mota, Puebla.- El mantenimiento de la carretera federal Puebla-Tehuac\u00e1n, era una necesidad urgente para el municipio de Amozoc, y aunque esta responsabilidad no es directamente del ayuntamiento, hoy es una realidad gracias al firme compromiso del presidente municipal, Severiano de la Rosa Romero. Esta ma\u00f1ana, se dio inicio a los trabajos de bacheo a la altura de Amozoc, una acci\u00f3n clave para mejorar la seguridad vial, reducir accidentes y proteger a los veh\u00edculos que diariamente transitan por esta importante arteria. Adem\u00e1s, se realizaron labores complementarias que fortalecen la infraestructura de esta carretera. Acciones como el mantenimiento del camell\u00f3n central, fueron realizadas logrando un espacio limpio y ordenado. Tambi\u00e9n se realizo la reparaci\u00f3n de tapas y registros abiertos, eliminando riesgos para peatones y automovilistas.&hellip;<\/p>\n<p class=\"excerpt-more\"><a class=\"blog-excerpt button\" href=\"https:\/\/www.aliadospuebla.com\/?p=100918\">Leer m\u00e1s&#8230;<\/a><\/p>\n","protected":false},"author":2,"featured_media":100919,"comment_status":"open","ping_status":"open","sticky":false,"template":"","format":"standard","meta":{"_monsterinsights_skip_tracking":false,"footnotes":""},"categories":[4],"tags":[1667,1610,27076,337,27077,24696],"class_list":["post-100918","post","type-post","status-publish","format-standard","has-post-thumbnail","hentry","category-municipios","tag-amozoc","tag-bacheo","tag-carretera-federal-puebla-tehuacan","tag-infraestructura","tag-mejorar-la-seguridad-vial","tag-severiano-de-la-rosa-romero"],"yoast_head":"<!-- This site is optimized with the Yoast SEO plugin v28.4 - https:\/\/yoast.com\/product\/yoast-seo-wordpress\/ -->\n<title>\u00a1Compromiso, Trabajo y Resultados! Severiano de la Rosa bachea carretera federal de Amozoc - AliadosPuebla<\/title>\n<meta name=\"robots\" content=\"index, follow, max-snippet:-1, max-image-preview:large, max-video-preview:-1\" \/>\n<link rel=\"canonical\" href=\"https:\/\/www.aliadospuebla.com\/?p=100918\" \/>\n<meta property=\"og:locale\" content=\"es_ES\" \/>\n<meta property=\"og:type\" content=\"article\" \/>\n<meta property=\"og:title\" content=\"\u00a1Compromiso, Trabajo y Resultados! Severiano de la Rosa bachea carretera federal de Amozoc - AliadosPuebla\" \/>\n<meta property=\"og:description\" content=\"Amozoc de Mota, Puebla.- El mantenimiento de la carretera federal Puebla-Tehuac\u00e1n, era una necesidad urgente para el municipio de Amozoc, y aunque esta responsabilidad no es directamente del ayuntamiento, hoy es una realidad gracias al firme compromiso del presidente municipal, Severiano de la Rosa Romero. Esta ma\u00f1ana, se dio inicio a los trabajos de bacheo a la altura de Amozoc, una acci\u00f3n clave para mejorar la seguridad vial, reducir accidentes y proteger a los veh\u00edculos que diariamente transitan por esta importante arteria. Adem\u00e1s, se realizaron labores complementarias que fortalecen la infraestructura de esta carretera. Acciones como el mantenimiento del camell\u00f3n central, fueron realizadas logrando un espacio limpio y ordenado. Tambi\u00e9n se realizo la reparaci\u00f3n de tapas y registros abiertos, eliminando riesgos para peatones y automovilistas.&hellip;Leer m\u00e1s...\" \/>\n<meta property=\"og:url\" content=\"https:\/\/www.aliadospuebla.com\/?p=100918\" \/>\n<meta property=\"og:site_name\" content=\"AliadosPuebla\" \/>\n<meta property=\"article:author\" content=\"https:\/\/www.facebook.com\/Aliados17Pue\" \/>\n<meta property=\"article:published_time\" content=\"2025-01-22T05:10:53+00:00\" \/>\n<meta property=\"og:image\" content=\"https:\/\/www.aliadospuebla.com\/web2017\/wp-content\/uploads\/2025\/01\/288.jpg\" \/>\n\t<meta property=\"og:image:width\" content=\"600\" \/>\n\t<meta property=\"og:image:height\" content=\"450\" \/>\n\t<meta property=\"og:image:type\" content=\"image\/jpeg\" \/>\n<meta name=\"author\" content=\"Aliados17\" \/>\n<meta name=\"twitter:card\" content=\"summary_large_image\" \/>\n<meta name=\"twitter:creator\" content=\"@AliadosPuebla\" \/>\n<meta name=\"twitter:label1\" content=\"Escrito por\" \/>\n\t<meta name=\"twitter:data1\" content=\"Aliados17\" \/>\n\t<meta name=\"twitter:label2\" content=\"Tiempo de lectura\" \/>\n\t<meta name=\"twitter:data2\" content=\"2 minutos\" \/>\n<script type=\"application\/ld+json\" class=\"yoast-schema-graph\">{\"@context\":\"https:\\\/\\\/schema.org\",\"@graph\":[{\"@type\":\"Article\",\"@id\":\"https:\\\/\\\/www.aliadospuebla.com\\\/?p=100918#article\",\"isPartOf\":{\"@id\":\"https:\\\/\\\/www.aliadospuebla.com\\\/?p=100918\"},\"author\":{\"name\":\"Aliados17\",\"@id\":\"https:\\\/\\\/www.aliadospuebla.com\\\/#\\\/schema\\\/person\\\/5da7dd09320bd4f392b710017ed5f8ad\"},\"headline\":\"\u00a1Compromiso, Trabajo y Resultados! Severiano de la Rosa bachea carretera federal de Amozoc\",\"datePublished\":\"2025-01-22T05:10:53+00:00\",\"mainEntityOfPage\":{\"@id\":\"https:\\\/\\\/www.aliadospuebla.com\\\/?p=100918\"},\"wordCount\":239,\"commentCount\":0,\"image\":{\"@id\":\"https:\\\/\\\/www.aliadospuebla.com\\\/?p=100918#primaryimage\"},\"thumbnailUrl\":\"https:\\\/\\\/www.aliadospuebla.com\\\/web2017\\\/wp-content\\\/uploads\\\/2025\\\/01\\\/288.jpg\",\"keywords\":[\"AMOZOC\",\"BACHEO\",\"carretera federal Puebla-Tehuac\u00e1n\",\"INFRAESTRUCTURA\",\"mejorar la seguridad vial\",\"Severiano de la Rosa Romero\"],\"articleSection\":[\"Municipios\"],\"inLanguage\":\"es\",\"potentialAction\":[{\"@type\":\"CommentAction\",\"name\":\"Comment\",\"target\":[\"https:\\\/\\\/www.aliadospuebla.com\\\/?p=100918#respond\"]}]},{\"@type\":\"WebPage\",\"@id\":\"https:\\\/\\\/www.aliadospuebla.com\\\/?p=100918\",\"url\":\"https:\\\/\\\/www.aliadospuebla.com\\\/?p=100918\",\"name\":\"\u00a1Compromiso, Trabajo y Resultados! Severiano de la Rosa bachea carretera federal de Amozoc - AliadosPuebla\",\"isPartOf\":{\"@id\":\"https:\\\/\\\/www.aliadospuebla.com\\\/#website\"},\"primaryImageOfPage\":{\"@id\":\"https:\\\/\\\/www.aliadospuebla.com\\\/?p=100918#primaryimage\"},\"image\":{\"@id\":\"https:\\\/\\\/www.aliadospuebla.com\\\/?p=100918#primaryimage\"},\"thumbnailUrl\":\"https:\\\/\\\/www.aliadospuebla.com\\\/web2017\\\/wp-content\\\/uploads\\\/2025\\\/01\\\/288.jpg\",\"datePublished\":\"2025-01-22T05:10:53+00:00\",\"author\":{\"@id\":\"https:\\\/\\\/www.aliadospuebla.com\\\/#\\\/schema\\\/person\\\/5da7dd09320bd4f392b710017ed5f8ad\"},\"breadcrumb\":{\"@id\":\"https:\\\/\\\/www.aliadospuebla.com\\\/?p=100918#breadcrumb\"},\"inLanguage\":\"es\",\"potentialAction\":[{\"@type\":\"ReadAction\",\"target\":[\"https:\\\/\\\/www.aliadospuebla.com\\\/?p=100918\"]}]},{\"@type\":\"ImageObject\",\"inLanguage\":\"es\",\"@id\":\"https:\\\/\\\/www.aliadospuebla.com\\\/?p=100918#primaryimage\",\"url\":\"https:\\\/\\\/www.aliadospuebla.com\\\/web2017\\\/wp-content\\\/uploads\\\/2025\\\/01\\\/288.jpg\",\"contentUrl\":\"https:\\\/\\\/www.aliadospuebla.com\\\/web2017\\\/wp-content\\\/uploads\\\/2025\\\/01\\\/288.jpg\",\"width\":600,\"height\":450},{\"@type\":\"BreadcrumbList\",\"@id\":\"https:\\\/\\\/www.aliadospuebla.com\\\/?p=100918#breadcrumb\",\"itemListElement\":[{\"@type\":\"ListItem\",\"position\":1,\"name\":\"Portada\",\"item\":\"https:\\\/\\\/www.aliadospuebla.com\\\/\"},{\"@type\":\"ListItem\",\"position\":2,\"name\":\"\u00a1Compromiso, Trabajo y Resultados! Severiano de la Rosa bachea carretera federal de Amozoc\"}]},{\"@type\":\"WebSite\",\"@id\":\"https:\\\/\\\/www.aliadospuebla.com\\\/#website\",\"url\":\"https:\\\/\\\/www.aliadospuebla.com\\\/\",\"name\":\"AliadosPuebla\",\"description\":\"La informaci\u00f3n en tus manos\",\"potentialAction\":[{\"@type\":\"SearchAction\",\"target\":{\"@type\":\"EntryPoint\",\"urlTemplate\":\"https:\\\/\\\/www.aliadospuebla.com\\\/?s={search_term_string}\"},\"query-input\":{\"@type\":\"PropertyValueSpecification\",\"valueRequired\":true,\"valueName\":\"search_term_string\"}}],\"inLanguage\":\"es\"},{\"@type\":\"Person\",\"@id\":\"https:\\\/\\\/www.aliadospuebla.com\\\/#\\\/schema\\\/person\\\/5da7dd09320bd4f392b710017ed5f8ad\",\"name\":\"Aliados17\",\"image\":{\"@type\":\"ImageObject\",\"inLanguage\":\"es\",\"@id\":\"https:\\\/\\\/www.aliadospuebla.com\\\/web2017\\\/wp-content\\\/uploads\\\/2025\\\/03\\\/cropped-para-perfil-8-anos-1-96x96.jpg\",\"url\":\"https:\\\/\\\/www.aliadospuebla.com\\\/web2017\\\/wp-content\\\/uploads\\\/2025\\\/03\\\/cropped-para-perfil-8-anos-1-96x96.jpg\",\"contentUrl\":\"https:\\\/\\\/www.aliadospuebla.com\\\/web2017\\\/wp-content\\\/uploads\\\/2025\\\/03\\\/cropped-para-perfil-8-anos-1-96x96.jpg\",\"caption\":\"Aliados17\"},\"sameAs\":[\"https:\\\/\\\/www.aliados17.com\",\"https:\\\/\\\/www.facebook.com\\\/Aliados17Pue\",\"https:\\\/\\\/x.com\\\/AliadosPuebla\"],\"url\":\"https:\\\/\\\/www.aliadospuebla.com\\\/?author=2\"}]}<\/script>\n<!-- \/ Yoast SEO plugin. -->","yoast_head_json":{"title":"\u00a1Compromiso, Trabajo y Resultados! Severiano de la Rosa bachea carretera federal de Amozoc - AliadosPuebla","robots":{"index":"index","follow":"follow","max-snippet":"max-snippet:-1","max-image-preview":"max-image-preview:large","max-video-preview":"max-video-preview:-1"},"canonical":"https:\/\/www.aliadospuebla.com\/?p=100918","og_locale":"es_ES","og_type":"article","og_title":"\u00a1Compromiso, Trabajo y Resultados! Severiano de la Rosa bachea carretera federal de Amozoc - AliadosPuebla","og_description":"Amozoc de Mota, Puebla.- El mantenimiento de la carretera federal Puebla-Tehuac\u00e1n, era una necesidad urgente para el municipio de Amozoc, y aunque esta responsabilidad no es directamente del ayuntamiento, hoy es una realidad gracias al firme compromiso del presidente municipal, Severiano de la Rosa Romero. Esta ma\u00f1ana, se dio inicio a los trabajos de bacheo a la altura de Amozoc, una acci\u00f3n clave para mejorar la seguridad vial, reducir accidentes y proteger a los veh\u00edculos que diariamente transitan por esta importante arteria. Adem\u00e1s, se realizaron labores complementarias que fortalecen la infraestructura de esta carretera. Acciones como el mantenimiento del camell\u00f3n central, fueron realizadas logrando un espacio limpio y ordenado. Tambi\u00e9n se realizo la reparaci\u00f3n de tapas y registros abiertos, eliminando riesgos para peatones y automovilistas.&hellip;Leer m\u00e1s...","og_url":"https:\/\/www.aliadospuebla.com\/?p=100918","og_site_name":"AliadosPuebla","article_author":"https:\/\/www.facebook.com\/Aliados17Pue","article_published_time":"2025-01-22T05:10:53+00:00","og_image":[{"width":600,"height":450,"url":"https:\/\/www.aliadospuebla.com\/web2017\/wp-content\/uploads\/2025\/01\/288.jpg","type":"image\/jpeg"}],"author":"Aliados17","twitter_card":"summary_large_image","twitter_creator":"@AliadosPuebla","twitter_misc":{"Escrito por":"Aliados17","Tiempo de lectura":"2 minutos"},"schema":{"@context":"https:\/\/schema.org","@graph":[{"@type":"Article","@id":"https:\/\/www.aliadospuebla.com\/?p=100918#article","isPartOf":{"@id":"https:\/\/www.aliadospuebla.com\/?p=100918"},"author":{"name":"Aliados17","@id":"https:\/\/www.aliadospuebla.com\/#\/schema\/person\/5da7dd09320bd4f392b710017ed5f8ad"},"headline":"\u00a1Compromiso, Trabajo y Resultados! Severiano de la Rosa bachea carretera federal de Amozoc","datePublished":"2025-01-22T05:10:53+00:00","mainEntityOfPage":{"@id":"https:\/\/www.aliadospuebla.com\/?p=100918"},"wordCount":239,"commentCount":0,"image":{"@id":"https:\/\/www.aliadospuebla.com\/?p=100918#primaryimage"},"thumbnailUrl":"https:\/\/www.aliadospuebla.com\/web2017\/wp-content\/uploads\/2025\/01\/288.jpg","keywords":["AMOZOC","BACHEO","carretera federal Puebla-Tehuac\u00e1n","INFRAESTRUCTURA","mejorar la seguridad vial","Severiano de la Rosa Romero"],"articleSection":["Municipios"],"inLanguage":"es","potentialAction":[{"@type":"CommentAction","name":"Comment","target":["https:\/\/www.aliadospuebla.com\/?p=100918#respond"]}]},{"@type":"WebPage","@id":"https:\/\/www.aliadospuebla.com\/?p=100918","url":"https:\/\/www.aliadospuebla.com\/?p=100918","name":"\u00a1Compromiso, Trabajo y Resultados! Severiano de la Rosa bachea carretera federal de Amozoc - AliadosPuebla","isPartOf":{"@id":"https:\/\/www.aliadospuebla.com\/#website"},"primaryImageOfPage":{"@id":"https:\/\/www.aliadospuebla.com\/?p=100918#primaryimage"},"image":{"@id":"https:\/\/www.aliadospuebla.com\/?p=100918#primaryimage"},"thumbnailUrl":"https:\/\/www.aliadospuebla.com\/web2017\/wp-content\/uploads\/2025\/01\/288.jpg","datePublished":"2025-01-22T05:10:53+00:00","author":{"@id":"https:\/\/www.aliadospuebla.com\/#\/schema\/person\/5da7dd09320bd4f392b710017ed5f8ad"},"breadcrumb":{"@id":"https:\/\/www.aliadospuebla.com\/?p=100918#breadcrumb"},"inLanguage":"es","potentialAction":[{"@type":"ReadAction","target":["https:\/\/www.aliadospuebla.com\/?p=100918"]}]},{"@type":"ImageObject","inLanguage":"es","@id":"https:\/\/www.aliadospuebla.com\/?p=100918#primaryimage","url":"https:\/\/www.aliadospuebla.com\/web2017\/wp-content\/uploads\/2025\/01\/288.jpg","contentUrl":"https:\/\/www.aliadospuebla.com\/web2017\/wp-content\/uploads\/2025\/01\/288.jpg","width":600,"height":450},{"@type":"BreadcrumbList","@id":"https:\/\/www.aliadospuebla.com\/?p=100918#breadcrumb","itemListElement":[{"@type":"ListItem","position":1,"name":"Portada","item":"https:\/\/www.aliadospuebla.com\/"},{"@type":"ListItem","position":2,"name":"\u00a1Compromiso, Trabajo y Resultados! Severiano de la Rosa bachea carretera federal de Amozoc"}]},{"@type":"WebSite","@id":"https:\/\/www.aliadospuebla.com\/#website","url":"https:\/\/www.aliadospuebla.com\/","name":"AliadosPuebla","description":"La informaci\u00f3n en tus manos","potentialAction":[{"@type":"SearchAction","target":{"@type":"EntryPoint","urlTemplate":"https:\/\/www.aliadospuebla.com\/?s={search_term_string}"},"query-input":{"@type":"PropertyValueSpecification","valueRequired":true,"valueName":"search_term_string"}}],"inLanguage":"es"},{"@type":"Person","@id":"https:\/\/www.aliadospuebla.com\/#\/schema\/person\/5da7dd09320bd4f392b710017ed5f8ad","name":"Aliados17","image":{"@type":"ImageObject","inLanguage":"es","@id":"https:\/\/www.aliadospuebla.com\/web2017\/wp-content\/uploads\/2025\/03\/cropped-para-perfil-8-anos-1-96x96.jpg","url":"https:\/\/www.aliadospuebla.com\/web2017\/wp-content\/uploads\/2025\/03\/cropped-para-perfil-8-anos-1-96x96.jpg","contentUrl":"https:\/\/www.aliadospuebla.com\/web2017\/wp-content\/uploads\/2025\/03\/cropped-para-perfil-8-anos-1-96x96.jpg","caption":"Aliados17"},"sameAs":["https:\/\/www.aliados17.com","https:\/\/www.facebook.com\/Aliados17Pue","https:\/\/x.com\/AliadosPuebla"],"url":"https:\/\/www.aliadospuebla.com\/?author=2"}]}},"views":23,"_links":{"self":[{"href":"https:\/\/www.aliadospuebla.com\/index.php?rest_route=\/wp\/v2\/posts\/100918","targetHints":{"allow":["GET"]}}],"collection":[{"href":"https:\/\/www.aliadospuebla.com\/index.php?rest_route=\/wp\/v2\/posts"}],"about":[{"href":"https:\/\/www.aliadospuebla.com\/index.php?rest_route=\/wp\/v2\/types\/post"}],"author":[{"embeddable":true,"href":"https:\/\/www.aliadospuebla.com\/index.php?rest_route=\/wp\/v2\/users\/2"}],"replies":[{"embeddable":true,"href":"https:\/\/www.aliadospuebla.com\/index.php?rest_route=%2Fwp%2Fv2%2Fcomments&post=100918"}],"version-history":[{"count":1,"href":"https:\/\/www.aliadospuebla.com\/index.php?rest_route=\/wp\/v2\/posts\/100918\/revisions"}],"predecessor-version":[{"id":100920,"href":"https:\/\/www.aliadospuebla.com\/index.php?rest_route=\/wp\/v2\/posts\/100918\/revisions\/100920"}],"wp:featuredmedia":[{"embeddable":true,"href":"https:\/\/www.aliadospuebla.com\/index.php?rest_route=\/wp\/v2\/media\/100919"}],"wp:attachment":[{"href":"https:\/\/www.aliadospuebla.com\/index.php?rest_route=%2Fwp%2Fv2%2Fmedia&parent=100918"}],"wp:term":[{"taxonomy":"category","embeddable":true,"href":"https:\/\/www.aliadospuebla.com\/index.php?rest_route=%2Fwp%2Fv2%2Fcategories&post=100918"},{"taxonomy":"post_tag","embeddable":true,"href":"https:\/\/www.aliadospuebla.com\/index.php?rest_route=%2Fwp%2Fv2%2Ftags&post=100918"}],"curies":[{"name":"wp","href":"https:\/\/api.w.org\/{rel}","templated":true}]}}