{"id":100718,"date":"2025-01-17T21:43:15","date_gmt":"2025-01-18T03:43:15","guid":{"rendered":"https:\/\/www.aliados17.com\/?p=100718"},"modified":"2025-01-17T21:43:15","modified_gmt":"2025-01-18T03:43:15","slug":"claudia-rivera-celebra-el-reconocimiento-de-la-autonomia-municipal","status":"publish","type":"post","link":"https:\/\/www.aliadospuebla.com\/?p=100718","title":{"rendered":"CLAUDIA RIVERA CELEBRA EL RECONOCIMIENTO DE LA AUTONOM\u00cdA MUNICIPAL"},"content":{"rendered":"<h4>La secretaria de la Comisi\u00f3n de Federalismo y Desarrollo Municipal resalt\u00f3 la<br \/>\nimportancia de la coordinaci\u00f3n interinstitucional para enfrentar los retos locales y<br \/>\nmejorar la seguridad y bienestar de los municipios<\/h4>\n<p>\u2022 \u201cSin importar la filiaci\u00f3n pol\u00edtica de los representantes populares, se est\u00e1<br \/>\nanteponiendo el bienestar del pa\u00eds y el proyecto de naci\u00f3n\u201d<br \/>\nLa diputada Claudia Rivera Vivanco, secretaria de la Comisi\u00f3n de Federalismo y<br \/>\nDesarrollo Municipal, celebr\u00f3 el encuentro hist\u00f3rico entre la presidenta Claudia<br \/>\nSheinbaum Pardo, las y los gobernadores y las y los presidentes municipales,<br \/>\ndestacando su importancia por ser la primera vez que se re\u00fanen en una mesa de<br \/>\ndi\u00e1logo coordinada.<br \/>\nLa tambi\u00e9n integrante del Grupo Parlamentario de Morena, enfatiz\u00f3 la importancia<br \/>\nde este encuentro, subrayando dos puntos fundamentales en las declaraciones de<br \/>\nla titular del ejecutivo. Primero, el reconocimiento de las y los presidentes<br \/>\nmunicipales como autoridades aut\u00f3nomas, y segundo, el reconocimiento de la<br \/>\ncapacidad de acci\u00f3n y el potencial de cada uno de estos representantes locales.<\/p>\n<p>La legisladora, reiter\u00f3 que este encuentro no solo fue hist\u00f3rico por la coordinaci\u00f3n<br \/>\nentre los tres \u00f3rdenes de gobierno, sino por el hecho de que, sin importar la filiaci\u00f3n<br \/>\npol\u00edtica de los participantes, se est\u00e1 anteponiendo el bienestar del pa\u00eds y el proyecto<br \/>\nde naci\u00f3n.<br \/>\n\u201cEste es un paso importante en la consolidaci\u00f3n de un Plan M\u00e9xico que funcionar\u00e1<br \/>\nde manera m\u00e1s eficiente si todos participamos. Celebro este encuentro y auguro<br \/>\nexcelentes resultados para este primer a\u00f1o de coordinaci\u00f3n, as\u00ed como para los<br \/>\nsiguientes, que tendr\u00e1n un impacto positivo en los municipios, sin importar las<br \/>\ndificultades que enfrenten\u201d.<\/p>\n<p>En este sentido, la exalcaldesa de Puebla capital destac\u00f3 la convocatoria de la<br \/>\npresidenta para trabajar de manera coordinada en tres agendas fundamentales: la<br \/>\nconstrucci\u00f3n de la paz, la seguridad y la gesti\u00f3n h\u00eddrica.<br \/>\n\u201cLas presidencias municipales son la autoridad de mayor cercan\u00eda con la poblaci\u00f3n,<br \/>\ny aunque poco le importa a la ciudadan\u00eda si un tema es federal, estatal o municipal,<br \/>\nlo que buscan es una soluci\u00f3n a su problem\u00e1tica. Yo, tuve el honor de ser presidenta<br \/>\nmunicipal de la cuarta ciudad m\u00e1s grande del pa\u00eds, que fue la capital de Puebla, y<br \/>\ns\u00e9 de los retos que esto significa\u201d, agreg\u00f3.<br \/>\nPor ello, la morenista, dio testimonio de los resultados positivos obtenidos durante<br \/>\nsu mandato, al implementar estrategias de seguridad coordinadas con la Sedena y<br \/>\nla Guardia Nacional, lo que le permiti\u00f3 reducir en un 40 por ciento los delitos en su<br \/>\nmunicipio.<br \/>\n\u201cLa estrategia de coordinaci\u00f3n interinstitucional es efectiva, y lo demuestra la<br \/>\nreducci\u00f3n de delitos en mi gesti\u00f3n, as\u00ed como la mayor participaci\u00f3n ciudadana en la<br \/>\nvigilancia y prevenci\u00f3n\u201d, finaliz\u00f3 Rivera Vivanco.<\/p>\n","protected":false},"excerpt":{"rendered":"<p>La secretaria de la Comisi\u00f3n de Federalismo y Desarrollo Municipal resalt\u00f3 la importancia de la coordinaci\u00f3n interinstitucional para enfrentar los retos locales y mejorar la seguridad y bienestar de los municipios \u2022 \u201cSin importar la filiaci\u00f3n pol\u00edtica de los representantes populares, se est\u00e1 anteponiendo el bienestar del pa\u00eds y el proyecto de naci\u00f3n\u201d La diputada Claudia Rivera Vivanco, secretaria de la Comisi\u00f3n de Federalismo y Desarrollo Municipal, celebr\u00f3 el encuentro hist\u00f3rico entre la presidenta Claudia Sheinbaum Pardo, las y los gobernadores y las y los presidentes municipales, destacando su importancia por ser la primera vez que se re\u00fanen en una mesa de di\u00e1logo coordinada. La tambi\u00e9n integrante del Grupo Parlamentario de Morena, enfatiz\u00f3 la importancia de este encuentro, subrayando dos puntos fundamentales en las declaraciones&hellip;<\/p>\n<p class=\"excerpt-more\"><a class=\"blog-excerpt button\" href=\"https:\/\/www.aliadospuebla.com\/?p=100718\">Leer m\u00e1s&#8230;<\/a><\/p>\n","protected":false},"author":2,"featured_media":100719,"comment_status":"open","ping_status":"open","sticky":false,"template":"","format":"standard","meta":{"_monsterinsights_skip_tracking":false,"footnotes":""},"categories":[6],"tags":[26952,1258,5362,26950,26953,26804,20382,26951],"class_list":["post-100718","post","type-post","status-publish","format-standard","has-post-thumbnail","hentry","category-politica","tag-autoridades-autonomas","tag-bienestar","tag-claudia-rivera-vivanco","tag-comision-de-federalismo-y-desarrollo-municipal","tag-gestion-hidrica","tag-plan-mexico","tag-proyecto-de-nacion","tag-retos-locales"],"yoast_head":"<!-- This site is optimized with the Yoast SEO plugin v28.4 - https:\/\/yoast.com\/product\/yoast-seo-wordpress\/ -->\n<title>CLAUDIA RIVERA CELEBRA EL RECONOCIMIENTO DE LA AUTONOM\u00cdA MUNICIPAL - AliadosPuebla<\/title>\n<meta name=\"robots\" content=\"index, follow, max-snippet:-1, max-image-preview:large, max-video-preview:-1\" \/>\n<link rel=\"canonical\" href=\"https:\/\/www.aliadospuebla.com\/?p=100718\" \/>\n<meta property=\"og:locale\" content=\"es_ES\" \/>\n<meta property=\"og:type\" content=\"article\" \/>\n<meta property=\"og:title\" content=\"CLAUDIA RIVERA CELEBRA EL RECONOCIMIENTO DE LA AUTONOM\u00cdA MUNICIPAL - AliadosPuebla\" \/>\n<meta property=\"og:description\" content=\"La secretaria de la Comisi\u00f3n de Federalismo y Desarrollo Municipal resalt\u00f3 la importancia de la coordinaci\u00f3n interinstitucional para enfrentar los retos locales y mejorar la seguridad y bienestar de los municipios \u2022 \u201cSin importar la filiaci\u00f3n pol\u00edtica de los representantes populares, se est\u00e1 anteponiendo el bienestar del pa\u00eds y el proyecto de naci\u00f3n\u201d La diputada Claudia Rivera Vivanco, secretaria de la Comisi\u00f3n de Federalismo y Desarrollo Municipal, celebr\u00f3 el encuentro hist\u00f3rico entre la presidenta Claudia Sheinbaum Pardo, las y los gobernadores y las y los presidentes municipales, destacando su importancia por ser la primera vez que se re\u00fanen en una mesa de di\u00e1logo coordinada. La tambi\u00e9n integrante del Grupo Parlamentario de Morena, enfatiz\u00f3 la importancia de este encuentro, subrayando dos puntos fundamentales en las declaraciones&hellip;Leer m\u00e1s...\" \/>\n<meta property=\"og:url\" content=\"https:\/\/www.aliadospuebla.com\/?p=100718\" \/>\n<meta property=\"og:site_name\" content=\"AliadosPuebla\" \/>\n<meta property=\"article:author\" content=\"https:\/\/www.facebook.com\/Aliados17Pue\" \/>\n<meta property=\"article:published_time\" content=\"2025-01-18T03:43:15+00:00\" \/>\n<meta property=\"og:image\" content=\"https:\/\/www.aliadospuebla.com\/web2017\/wp-content\/uploads\/2025\/01\/232.jpg\" \/>\n\t<meta property=\"og:image:width\" content=\"600\" \/>\n\t<meta property=\"og:image:height\" content=\"450\" \/>\n\t<meta property=\"og:image:type\" content=\"image\/jpeg\" \/>\n<meta name=\"author\" content=\"Aliados17\" \/>\n<meta name=\"twitter:card\" content=\"summary_large_image\" \/>\n<meta name=\"twitter:creator\" content=\"@AliadosPuebla\" \/>\n<meta name=\"twitter:label1\" content=\"Escrito por\" \/>\n\t<meta name=\"twitter:data1\" content=\"Aliados17\" \/>\n\t<meta name=\"twitter:label2\" content=\"Tiempo de lectura\" \/>\n\t<meta name=\"twitter:data2\" content=\"3 minutos\" \/>\n<script type=\"application\/ld+json\" class=\"yoast-schema-graph\">{\"@context\":\"https:\\\/\\\/schema.org\",\"@graph\":[{\"@type\":\"Article\",\"@id\":\"https:\\\/\\\/www.aliadospuebla.com\\\/?p=100718#article\",\"isPartOf\":{\"@id\":\"https:\\\/\\\/www.aliadospuebla.com\\\/?p=100718\"},\"author\":{\"name\":\"Aliados17\",\"@id\":\"https:\\\/\\\/www.aliadospuebla.com\\\/#\\\/schema\\\/person\\\/5da7dd09320bd4f392b710017ed5f8ad\"},\"headline\":\"CLAUDIA RIVERA CELEBRA EL RECONOCIMIENTO DE LA AUTONOM\u00cdA MUNICIPAL\",\"datePublished\":\"2025-01-18T03:43:15+00:00\",\"mainEntityOfPage\":{\"@id\":\"https:\\\/\\\/www.aliadospuebla.com\\\/?p=100718\"},\"wordCount\":482,\"commentCount\":0,\"image\":{\"@id\":\"https:\\\/\\\/www.aliadospuebla.com\\\/?p=100718#primaryimage\"},\"thumbnailUrl\":\"https:\\\/\\\/www.aliadospuebla.com\\\/web2017\\\/wp-content\\\/uploads\\\/2025\\\/01\\\/232.jpg\",\"keywords\":[\"autoridades aut\u00f3nomas\",\"BIENESTAR\",\"CLAUDIA RIVERA VIVANCO\",\"Comisi\u00f3n de Federalismo y Desarrollo Municipal\",\"gesti\u00f3n h\u00eddrica\",\"Plan M\u00e9xico\",\"proyecto de naci\u00f3n\",\"retos locales\"],\"articleSection\":[\"Pol\u00edtica\"],\"inLanguage\":\"es\",\"potentialAction\":[{\"@type\":\"CommentAction\",\"name\":\"Comment\",\"target\":[\"https:\\\/\\\/www.aliadospuebla.com\\\/?p=100718#respond\"]}]},{\"@type\":\"WebPage\",\"@id\":\"https:\\\/\\\/www.aliadospuebla.com\\\/?p=100718\",\"url\":\"https:\\\/\\\/www.aliadospuebla.com\\\/?p=100718\",\"name\":\"CLAUDIA RIVERA CELEBRA EL RECONOCIMIENTO DE LA AUTONOM\u00cdA MUNICIPAL - AliadosPuebla\",\"isPartOf\":{\"@id\":\"https:\\\/\\\/www.aliadospuebla.com\\\/#website\"},\"primaryImageOfPage\":{\"@id\":\"https:\\\/\\\/www.aliadospuebla.com\\\/?p=100718#primaryimage\"},\"image\":{\"@id\":\"https:\\\/\\\/www.aliadospuebla.com\\\/?p=100718#primaryimage\"},\"thumbnailUrl\":\"https:\\\/\\\/www.aliadospuebla.com\\\/web2017\\\/wp-content\\\/uploads\\\/2025\\\/01\\\/232.jpg\",\"datePublished\":\"2025-01-18T03:43:15+00:00\",\"author\":{\"@id\":\"https:\\\/\\\/www.aliadospuebla.com\\\/#\\\/schema\\\/person\\\/5da7dd09320bd4f392b710017ed5f8ad\"},\"breadcrumb\":{\"@id\":\"https:\\\/\\\/www.aliadospuebla.com\\\/?p=100718#breadcrumb\"},\"inLanguage\":\"es\",\"potentialAction\":[{\"@type\":\"ReadAction\",\"target\":[\"https:\\\/\\\/www.aliadospuebla.com\\\/?p=100718\"]}]},{\"@type\":\"ImageObject\",\"inLanguage\":\"es\",\"@id\":\"https:\\\/\\\/www.aliadospuebla.com\\\/?p=100718#primaryimage\",\"url\":\"https:\\\/\\\/www.aliadospuebla.com\\\/web2017\\\/wp-content\\\/uploads\\\/2025\\\/01\\\/232.jpg\",\"contentUrl\":\"https:\\\/\\\/www.aliadospuebla.com\\\/web2017\\\/wp-content\\\/uploads\\\/2025\\\/01\\\/232.jpg\",\"width\":600,\"height\":450},{\"@type\":\"BreadcrumbList\",\"@id\":\"https:\\\/\\\/www.aliadospuebla.com\\\/?p=100718#breadcrumb\",\"itemListElement\":[{\"@type\":\"ListItem\",\"position\":1,\"name\":\"Portada\",\"item\":\"https:\\\/\\\/www.aliadospuebla.com\\\/\"},{\"@type\":\"ListItem\",\"position\":2,\"name\":\"CLAUDIA RIVERA CELEBRA EL RECONOCIMIENTO DE LA AUTONOM\u00cdA MUNICIPAL\"}]},{\"@type\":\"WebSite\",\"@id\":\"https:\\\/\\\/www.aliadospuebla.com\\\/#website\",\"url\":\"https:\\\/\\\/www.aliadospuebla.com\\\/\",\"name\":\"AliadosPuebla\",\"description\":\"La informaci\u00f3n en tus manos\",\"potentialAction\":[{\"@type\":\"SearchAction\",\"target\":{\"@type\":\"EntryPoint\",\"urlTemplate\":\"https:\\\/\\\/www.aliadospuebla.com\\\/?s={search_term_string}\"},\"query-input\":{\"@type\":\"PropertyValueSpecification\",\"valueRequired\":true,\"valueName\":\"search_term_string\"}}],\"inLanguage\":\"es\"},{\"@type\":\"Person\",\"@id\":\"https:\\\/\\\/www.aliadospuebla.com\\\/#\\\/schema\\\/person\\\/5da7dd09320bd4f392b710017ed5f8ad\",\"name\":\"Aliados17\",\"image\":{\"@type\":\"ImageObject\",\"inLanguage\":\"es\",\"@id\":\"https:\\\/\\\/www.aliadospuebla.com\\\/web2017\\\/wp-content\\\/uploads\\\/2025\\\/03\\\/cropped-para-perfil-8-anos-1-96x96.jpg\",\"url\":\"https:\\\/\\\/www.aliadospuebla.com\\\/web2017\\\/wp-content\\\/uploads\\\/2025\\\/03\\\/cropped-para-perfil-8-anos-1-96x96.jpg\",\"contentUrl\":\"https:\\\/\\\/www.aliadospuebla.com\\\/web2017\\\/wp-content\\\/uploads\\\/2025\\\/03\\\/cropped-para-perfil-8-anos-1-96x96.jpg\",\"caption\":\"Aliados17\"},\"sameAs\":[\"https:\\\/\\\/www.aliados17.com\",\"https:\\\/\\\/www.facebook.com\\\/Aliados17Pue\",\"https:\\\/\\\/x.com\\\/AliadosPuebla\"],\"url\":\"https:\\\/\\\/www.aliadospuebla.com\\\/?author=2\"}]}<\/script>\n<!-- \/ Yoast SEO plugin. -->","yoast_head_json":{"title":"CLAUDIA RIVERA CELEBRA EL RECONOCIMIENTO DE LA AUTONOM\u00cdA MUNICIPAL - AliadosPuebla","robots":{"index":"index","follow":"follow","max-snippet":"max-snippet:-1","max-image-preview":"max-image-preview:large","max-video-preview":"max-video-preview:-1"},"canonical":"https:\/\/www.aliadospuebla.com\/?p=100718","og_locale":"es_ES","og_type":"article","og_title":"CLAUDIA RIVERA CELEBRA EL RECONOCIMIENTO DE LA AUTONOM\u00cdA MUNICIPAL - AliadosPuebla","og_description":"La secretaria de la Comisi\u00f3n de Federalismo y Desarrollo Municipal resalt\u00f3 la importancia de la coordinaci\u00f3n interinstitucional para enfrentar los retos locales y mejorar la seguridad y bienestar de los municipios \u2022 \u201cSin importar la filiaci\u00f3n pol\u00edtica de los representantes populares, se est\u00e1 anteponiendo el bienestar del pa\u00eds y el proyecto de naci\u00f3n\u201d La diputada Claudia Rivera Vivanco, secretaria de la Comisi\u00f3n de Federalismo y Desarrollo Municipal, celebr\u00f3 el encuentro hist\u00f3rico entre la presidenta Claudia Sheinbaum Pardo, las y los gobernadores y las y los presidentes municipales, destacando su importancia por ser la primera vez que se re\u00fanen en una mesa de di\u00e1logo coordinada. La tambi\u00e9n integrante del Grupo Parlamentario de Morena, enfatiz\u00f3 la importancia de este encuentro, subrayando dos puntos fundamentales en las declaraciones&hellip;Leer m\u00e1s...","og_url":"https:\/\/www.aliadospuebla.com\/?p=100718","og_site_name":"AliadosPuebla","article_author":"https:\/\/www.facebook.com\/Aliados17Pue","article_published_time":"2025-01-18T03:43:15+00:00","og_image":[{"width":600,"height":450,"url":"https:\/\/www.aliadospuebla.com\/web2017\/wp-content\/uploads\/2025\/01\/232.jpg","type":"image\/jpeg"}],"author":"Aliados17","twitter_card":"summary_large_image","twitter_creator":"@AliadosPuebla","twitter_misc":{"Escrito por":"Aliados17","Tiempo de lectura":"3 minutos"},"schema":{"@context":"https:\/\/schema.org","@graph":[{"@type":"Article","@id":"https:\/\/www.aliadospuebla.com\/?p=100718#article","isPartOf":{"@id":"https:\/\/www.aliadospuebla.com\/?p=100718"},"author":{"name":"Aliados17","@id":"https:\/\/www.aliadospuebla.com\/#\/schema\/person\/5da7dd09320bd4f392b710017ed5f8ad"},"headline":"CLAUDIA RIVERA CELEBRA EL RECONOCIMIENTO DE LA AUTONOM\u00cdA MUNICIPAL","datePublished":"2025-01-18T03:43:15+00:00","mainEntityOfPage":{"@id":"https:\/\/www.aliadospuebla.com\/?p=100718"},"wordCount":482,"commentCount":0,"image":{"@id":"https:\/\/www.aliadospuebla.com\/?p=100718#primaryimage"},"thumbnailUrl":"https:\/\/www.aliadospuebla.com\/web2017\/wp-content\/uploads\/2025\/01\/232.jpg","keywords":["autoridades aut\u00f3nomas","BIENESTAR","CLAUDIA RIVERA VIVANCO","Comisi\u00f3n de Federalismo y Desarrollo Municipal","gesti\u00f3n h\u00eddrica","Plan M\u00e9xico","proyecto de naci\u00f3n","retos locales"],"articleSection":["Pol\u00edtica"],"inLanguage":"es","potentialAction":[{"@type":"CommentAction","name":"Comment","target":["https:\/\/www.aliadospuebla.com\/?p=100718#respond"]}]},{"@type":"WebPage","@id":"https:\/\/www.aliadospuebla.com\/?p=100718","url":"https:\/\/www.aliadospuebla.com\/?p=100718","name":"CLAUDIA RIVERA CELEBRA EL RECONOCIMIENTO DE LA AUTONOM\u00cdA MUNICIPAL - AliadosPuebla","isPartOf":{"@id":"https:\/\/www.aliadospuebla.com\/#website"},"primaryImageOfPage":{"@id":"https:\/\/www.aliadospuebla.com\/?p=100718#primaryimage"},"image":{"@id":"https:\/\/www.aliadospuebla.com\/?p=100718#primaryimage"},"thumbnailUrl":"https:\/\/www.aliadospuebla.com\/web2017\/wp-content\/uploads\/2025\/01\/232.jpg","datePublished":"2025-01-18T03:43:15+00:00","author":{"@id":"https:\/\/www.aliadospuebla.com\/#\/schema\/person\/5da7dd09320bd4f392b710017ed5f8ad"},"breadcrumb":{"@id":"https:\/\/www.aliadospuebla.com\/?p=100718#breadcrumb"},"inLanguage":"es","potentialAction":[{"@type":"ReadAction","target":["https:\/\/www.aliadospuebla.com\/?p=100718"]}]},{"@type":"ImageObject","inLanguage":"es","@id":"https:\/\/www.aliadospuebla.com\/?p=100718#primaryimage","url":"https:\/\/www.aliadospuebla.com\/web2017\/wp-content\/uploads\/2025\/01\/232.jpg","contentUrl":"https:\/\/www.aliadospuebla.com\/web2017\/wp-content\/uploads\/2025\/01\/232.jpg","width":600,"height":450},{"@type":"BreadcrumbList","@id":"https:\/\/www.aliadospuebla.com\/?p=100718#breadcrumb","itemListElement":[{"@type":"ListItem","position":1,"name":"Portada","item":"https:\/\/www.aliadospuebla.com\/"},{"@type":"ListItem","position":2,"name":"CLAUDIA RIVERA CELEBRA EL RECONOCIMIENTO DE LA AUTONOM\u00cdA MUNICIPAL"}]},{"@type":"WebSite","@id":"https:\/\/www.aliadospuebla.com\/#website","url":"https:\/\/www.aliadospuebla.com\/","name":"AliadosPuebla","description":"La informaci\u00f3n en tus manos","potentialAction":[{"@type":"SearchAction","target":{"@type":"EntryPoint","urlTemplate":"https:\/\/www.aliadospuebla.com\/?s={search_term_string}"},"query-input":{"@type":"PropertyValueSpecification","valueRequired":true,"valueName":"search_term_string"}}],"inLanguage":"es"},{"@type":"Person","@id":"https:\/\/www.aliadospuebla.com\/#\/schema\/person\/5da7dd09320bd4f392b710017ed5f8ad","name":"Aliados17","image":{"@type":"ImageObject","inLanguage":"es","@id":"https:\/\/www.aliadospuebla.com\/web2017\/wp-content\/uploads\/2025\/03\/cropped-para-perfil-8-anos-1-96x96.jpg","url":"https:\/\/www.aliadospuebla.com\/web2017\/wp-content\/uploads\/2025\/03\/cropped-para-perfil-8-anos-1-96x96.jpg","contentUrl":"https:\/\/www.aliadospuebla.com\/web2017\/wp-content\/uploads\/2025\/03\/cropped-para-perfil-8-anos-1-96x96.jpg","caption":"Aliados17"},"sameAs":["https:\/\/www.aliados17.com","https:\/\/www.facebook.com\/Aliados17Pue","https:\/\/x.com\/AliadosPuebla"],"url":"https:\/\/www.aliadospuebla.com\/?author=2"}]}},"views":16,"_links":{"self":[{"href":"https:\/\/www.aliadospuebla.com\/index.php?rest_route=\/wp\/v2\/posts\/100718","targetHints":{"allow":["GET"]}}],"collection":[{"href":"https:\/\/www.aliadospuebla.com\/index.php?rest_route=\/wp\/v2\/posts"}],"about":[{"href":"https:\/\/www.aliadospuebla.com\/index.php?rest_route=\/wp\/v2\/types\/post"}],"author":[{"embeddable":true,"href":"https:\/\/www.aliadospuebla.com\/index.php?rest_route=\/wp\/v2\/users\/2"}],"replies":[{"embeddable":true,"href":"https:\/\/www.aliadospuebla.com\/index.php?rest_route=%2Fwp%2Fv2%2Fcomments&post=100718"}],"version-history":[{"count":1,"href":"https:\/\/www.aliadospuebla.com\/index.php?rest_route=\/wp\/v2\/posts\/100718\/revisions"}],"predecessor-version":[{"id":100720,"href":"https:\/\/www.aliadospuebla.com\/index.php?rest_route=\/wp\/v2\/posts\/100718\/revisions\/100720"}],"wp:featuredmedia":[{"embeddable":true,"href":"https:\/\/www.aliadospuebla.com\/index.php?rest_route=\/wp\/v2\/media\/100719"}],"wp:attachment":[{"href":"https:\/\/www.aliadospuebla.com\/index.php?rest_route=%2Fwp%2Fv2%2Fmedia&parent=100718"}],"wp:term":[{"taxonomy":"category","embeddable":true,"href":"https:\/\/www.aliadospuebla.com\/index.php?rest_route=%2Fwp%2Fv2%2Fcategories&post=100718"},{"taxonomy":"post_tag","embeddable":true,"href":"https:\/\/www.aliadospuebla.com\/index.php?rest_route=%2Fwp%2Fv2%2Ftags&post=100718"}],"curies":[{"name":"wp","href":"https:\/\/api.w.org\/{rel}","templated":true}]}}