{"id":100711,"date":"2025-01-17T20:04:30","date_gmt":"2025-01-18T02:04:30","guid":{"rendered":"https:\/\/www.aliados17.com\/?p=100711"},"modified":"2025-01-17T20:04:30","modified_gmt":"2025-01-18T02:04:30","slug":"impulsan-en-congreso-iniciativa-para-que-la-cultura-sea-un-derecho-intergeneracional","status":"publish","type":"post","link":"https:\/\/www.aliadospuebla.com\/?p=100711","title":{"rendered":"Impulsan en Congreso iniciativa para que la Cultura sea un derecho intergeneracional"},"content":{"rendered":"<ul>\n<li>\n<h4><em>Analizar\u00e1n en Comisiones puntos de acuerdo en materia de transporte y seguridad <\/em><\/h4>\n<\/li>\n<\/ul>\n<p>Para conservar y fomentar el patrimonio tangible e intangible en la entidad, la diputada Azucena Rosas Tapia<\/p>\n<p>present\u00f3 una iniciativa de reforma a la Ley de Cultura del Estado de Puebla, a fin de establecer el derecho a la cultura,<\/p>\n<p>entendido como un derecho intergeneracional.<\/p>\n<p>&nbsp;<\/p>\n<p>En su intervenci\u00f3n, durante sesi\u00f3n ordinaria de Pleno, la diputada expuso que la cultura<\/p>\n<p>es un factor de identidad individual y colectiva, por lo que debe considerarse un derecho y preservarse a trav\u00e9s de los a\u00f1os.<\/p>\n<p>&nbsp;<\/p>\n<p>\u201cNo perdamos de vista que la cultura es una fuerza poderosa en esta sociedad, capaz de unir a las personas<\/p>\n<p>que la integramos, ayudando as\u00ed a desarrollar la identidad individual y colectiva de cada una de las generaciones<\/p>\n<p>de poblanas y poblanos orgullosos de nuestras ra\u00edces\u201d, mencion\u00f3.<\/p>\n<p>&nbsp;<\/p>\n<h4>La iniciativa fue turnada a la Comisi\u00f3n de Cultura para su estudio y resoluci\u00f3n correspondiente.<\/h4>\n<p>&nbsp;<\/p>\n<p>Por otra parte, la diputada Susana del Carmen Riestra Pi\u00f1a present\u00f3 un punto de acuerdo para exhortar al Gobierno del Estado, a trav\u00e9s de la Secretar\u00eda de Movilidad y Transportes, para que incorpore la figura de observadores ciudadanos en el programa de revisi\u00f3n de unidades del transporte p\u00fablico.<\/p>\n<p>&nbsp;<\/p>\n<p>\u201cEstoy segura de que la participaci\u00f3n activa de asociaciones, colectivos e instituciones asegurar\u00e1n la transparencia de dichas revisiones para lograr los objetivos de modernizaci\u00f3n y calidad en el sistema de transporte p\u00fablico\u201d, se\u00f1al\u00f3.<\/p>\n<p>&nbsp;<\/p>\n<p>En tanto, la diputada Fedrha Isabel Suriano Corrales present\u00f3 un punto de acuerdo dirigido al Gobierno del Estado y a las autoridades municipales para que implementen medidas de seguridad preventivas en los procesos de renovaci\u00f3n de las juntas auxiliares, garantizando la integridad f\u00edsica de todas y todos los aspirantes y candidatos que participan en estos procesos plebiscitarios.<\/p>\n<p>&nbsp;<\/p>\n<p>Lo anterior, mediante operativos coordinados entre la Polic\u00eda Estatal y las municipales, a fin de salvaguardar el orden y la paz de las comunidades durante el desarrollo de estos plebiscitos y reforzando la seguridad en aquellas zonas consideradas con alto riesgo.<\/p>\n","protected":false},"excerpt":{"rendered":"<p>Analizar\u00e1n en Comisiones puntos de acuerdo en materia de transporte y seguridad Para conservar y fomentar el patrimonio tangible e intangible en la entidad, la diputada Azucena Rosas Tapia present\u00f3 una iniciativa de reforma a la Ley de Cultura del Estado de Puebla, a fin de establecer el derecho a la cultura, entendido como un derecho intergeneracional. &nbsp; En su intervenci\u00f3n, durante sesi\u00f3n ordinaria de Pleno, la diputada expuso que la cultura es un factor de identidad individual y colectiva, por lo que debe considerarse un derecho y preservarse a trav\u00e9s de los a\u00f1os. &nbsp; \u201cNo perdamos de vista que la cultura es una fuerza poderosa en esta sociedad, capaz de unir a las personas que la integramos, ayudando as\u00ed a desarrollar la identidad individual&hellip;<\/p>\n<p class=\"excerpt-more\"><a class=\"blog-excerpt button\" href=\"https:\/\/www.aliadospuebla.com\/?p=100711\">Leer m\u00e1s&#8230;<\/a><\/p>\n","protected":false},"author":2,"featured_media":100712,"comment_status":"open","ping_status":"open","sticky":false,"template":"","format":"standard","meta":{"_monsterinsights_skip_tracking":false,"footnotes":""},"categories":[6],"tags":[24329,158,26948,24481,259,561,26187],"class_list":["post-100711","post","type-post","status-publish","format-standard","has-post-thumbnail","hentry","category-politica","tag-azucena-rosas-tapia","tag-cultura","tag-derecho-intergeneracional","tag-fedrha-isabel-suriano-corrales","tag-iniciativa","tag-sesion-ordinaria","tag-susana-del-carmen-riestra-pina"],"yoast_head":"<!-- This site is optimized with the Yoast SEO plugin v28.4 - https:\/\/yoast.com\/product\/yoast-seo-wordpress\/ -->\n<title>Impulsan en Congreso iniciativa para que la Cultura sea un derecho intergeneracional - AliadosPuebla<\/title>\n<meta name=\"robots\" content=\"index, follow, max-snippet:-1, max-image-preview:large, max-video-preview:-1\" \/>\n<link rel=\"canonical\" href=\"https:\/\/www.aliadospuebla.com\/?p=100711\" \/>\n<meta property=\"og:locale\" content=\"es_ES\" \/>\n<meta property=\"og:type\" content=\"article\" \/>\n<meta property=\"og:title\" content=\"Impulsan en Congreso iniciativa para que la Cultura sea un derecho intergeneracional - AliadosPuebla\" \/>\n<meta property=\"og:description\" content=\"Analizar\u00e1n en Comisiones puntos de acuerdo en materia de transporte y seguridad Para conservar y fomentar el patrimonio tangible e intangible en la entidad, la diputada Azucena Rosas Tapia present\u00f3 una iniciativa de reforma a la Ley de Cultura del Estado de Puebla, a fin de establecer el derecho a la cultura, entendido como un derecho intergeneracional. &nbsp; En su intervenci\u00f3n, durante sesi\u00f3n ordinaria de Pleno, la diputada expuso que la cultura es un factor de identidad individual y colectiva, por lo que debe considerarse un derecho y preservarse a trav\u00e9s de los a\u00f1os. &nbsp; \u201cNo perdamos de vista que la cultura es una fuerza poderosa en esta sociedad, capaz de unir a las personas que la integramos, ayudando as\u00ed a desarrollar la identidad individual&hellip;Leer m\u00e1s...\" \/>\n<meta property=\"og:url\" content=\"https:\/\/www.aliadospuebla.com\/?p=100711\" \/>\n<meta property=\"og:site_name\" content=\"AliadosPuebla\" \/>\n<meta property=\"article:author\" content=\"https:\/\/www.facebook.com\/Aliados17Pue\" \/>\n<meta property=\"article:published_time\" content=\"2025-01-18T02:04:30+00:00\" \/>\n<meta property=\"og:image\" content=\"https:\/\/www.aliadospuebla.com\/web2017\/wp-content\/uploads\/2025\/01\/230.jpg\" \/>\n\t<meta property=\"og:image:width\" content=\"600\" \/>\n\t<meta property=\"og:image:height\" content=\"450\" \/>\n\t<meta property=\"og:image:type\" content=\"image\/jpeg\" \/>\n<meta name=\"author\" content=\"Aliados17\" \/>\n<meta name=\"twitter:card\" content=\"summary_large_image\" \/>\n<meta name=\"twitter:creator\" content=\"@AliadosPuebla\" \/>\n<meta name=\"twitter:label1\" content=\"Escrito por\" \/>\n\t<meta name=\"twitter:data1\" content=\"Aliados17\" \/>\n\t<meta name=\"twitter:label2\" content=\"Tiempo de lectura\" \/>\n\t<meta name=\"twitter:data2\" content=\"2 minutos\" \/>\n<script type=\"application\/ld+json\" class=\"yoast-schema-graph\">{\"@context\":\"https:\\\/\\\/schema.org\",\"@graph\":[{\"@type\":\"Article\",\"@id\":\"https:\\\/\\\/www.aliadospuebla.com\\\/?p=100711#article\",\"isPartOf\":{\"@id\":\"https:\\\/\\\/www.aliadospuebla.com\\\/?p=100711\"},\"author\":{\"name\":\"Aliados17\",\"@id\":\"https:\\\/\\\/www.aliadospuebla.com\\\/#\\\/schema\\\/person\\\/5da7dd09320bd4f392b710017ed5f8ad\"},\"headline\":\"Impulsan en Congreso iniciativa para que la Cultura sea un derecho intergeneracional\",\"datePublished\":\"2025-01-18T02:04:30+00:00\",\"mainEntityOfPage\":{\"@id\":\"https:\\\/\\\/www.aliadospuebla.com\\\/?p=100711\"},\"wordCount\":374,\"commentCount\":0,\"image\":{\"@id\":\"https:\\\/\\\/www.aliadospuebla.com\\\/?p=100711#primaryimage\"},\"thumbnailUrl\":\"https:\\\/\\\/www.aliadospuebla.com\\\/web2017\\\/wp-content\\\/uploads\\\/2025\\\/01\\\/230.jpg\",\"keywords\":[\"Azucena Rosas Tapia\",\"Cultura\",\"derecho intergeneracional\",\"Fedrha Isabel Suriano Corrales\",\"iniciativa\",\"SESI\u00d3N ORDINARIA\",\"Susana del Carmen Riestra Pi\u00f1a\"],\"articleSection\":[\"Pol\u00edtica\"],\"inLanguage\":\"es\",\"potentialAction\":[{\"@type\":\"CommentAction\",\"name\":\"Comment\",\"target\":[\"https:\\\/\\\/www.aliadospuebla.com\\\/?p=100711#respond\"]}]},{\"@type\":\"WebPage\",\"@id\":\"https:\\\/\\\/www.aliadospuebla.com\\\/?p=100711\",\"url\":\"https:\\\/\\\/www.aliadospuebla.com\\\/?p=100711\",\"name\":\"Impulsan en Congreso iniciativa para que la Cultura sea un derecho intergeneracional - AliadosPuebla\",\"isPartOf\":{\"@id\":\"https:\\\/\\\/www.aliadospuebla.com\\\/#website\"},\"primaryImageOfPage\":{\"@id\":\"https:\\\/\\\/www.aliadospuebla.com\\\/?p=100711#primaryimage\"},\"image\":{\"@id\":\"https:\\\/\\\/www.aliadospuebla.com\\\/?p=100711#primaryimage\"},\"thumbnailUrl\":\"https:\\\/\\\/www.aliadospuebla.com\\\/web2017\\\/wp-content\\\/uploads\\\/2025\\\/01\\\/230.jpg\",\"datePublished\":\"2025-01-18T02:04:30+00:00\",\"author\":{\"@id\":\"https:\\\/\\\/www.aliadospuebla.com\\\/#\\\/schema\\\/person\\\/5da7dd09320bd4f392b710017ed5f8ad\"},\"breadcrumb\":{\"@id\":\"https:\\\/\\\/www.aliadospuebla.com\\\/?p=100711#breadcrumb\"},\"inLanguage\":\"es\",\"potentialAction\":[{\"@type\":\"ReadAction\",\"target\":[\"https:\\\/\\\/www.aliadospuebla.com\\\/?p=100711\"]}]},{\"@type\":\"ImageObject\",\"inLanguage\":\"es\",\"@id\":\"https:\\\/\\\/www.aliadospuebla.com\\\/?p=100711#primaryimage\",\"url\":\"https:\\\/\\\/www.aliadospuebla.com\\\/web2017\\\/wp-content\\\/uploads\\\/2025\\\/01\\\/230.jpg\",\"contentUrl\":\"https:\\\/\\\/www.aliadospuebla.com\\\/web2017\\\/wp-content\\\/uploads\\\/2025\\\/01\\\/230.jpg\",\"width\":600,\"height\":450},{\"@type\":\"BreadcrumbList\",\"@id\":\"https:\\\/\\\/www.aliadospuebla.com\\\/?p=100711#breadcrumb\",\"itemListElement\":[{\"@type\":\"ListItem\",\"position\":1,\"name\":\"Portada\",\"item\":\"https:\\\/\\\/www.aliadospuebla.com\\\/\"},{\"@type\":\"ListItem\",\"position\":2,\"name\":\"Impulsan en Congreso iniciativa para que la Cultura sea un derecho intergeneracional\"}]},{\"@type\":\"WebSite\",\"@id\":\"https:\\\/\\\/www.aliadospuebla.com\\\/#website\",\"url\":\"https:\\\/\\\/www.aliadospuebla.com\\\/\",\"name\":\"AliadosPuebla\",\"description\":\"La informaci\u00f3n en tus manos\",\"potentialAction\":[{\"@type\":\"SearchAction\",\"target\":{\"@type\":\"EntryPoint\",\"urlTemplate\":\"https:\\\/\\\/www.aliadospuebla.com\\\/?s={search_term_string}\"},\"query-input\":{\"@type\":\"PropertyValueSpecification\",\"valueRequired\":true,\"valueName\":\"search_term_string\"}}],\"inLanguage\":\"es\"},{\"@type\":\"Person\",\"@id\":\"https:\\\/\\\/www.aliadospuebla.com\\\/#\\\/schema\\\/person\\\/5da7dd09320bd4f392b710017ed5f8ad\",\"name\":\"Aliados17\",\"image\":{\"@type\":\"ImageObject\",\"inLanguage\":\"es\",\"@id\":\"https:\\\/\\\/www.aliadospuebla.com\\\/web2017\\\/wp-content\\\/uploads\\\/2025\\\/03\\\/cropped-para-perfil-8-anos-1-96x96.jpg\",\"url\":\"https:\\\/\\\/www.aliadospuebla.com\\\/web2017\\\/wp-content\\\/uploads\\\/2025\\\/03\\\/cropped-para-perfil-8-anos-1-96x96.jpg\",\"contentUrl\":\"https:\\\/\\\/www.aliadospuebla.com\\\/web2017\\\/wp-content\\\/uploads\\\/2025\\\/03\\\/cropped-para-perfil-8-anos-1-96x96.jpg\",\"caption\":\"Aliados17\"},\"sameAs\":[\"https:\\\/\\\/www.aliados17.com\",\"https:\\\/\\\/www.facebook.com\\\/Aliados17Pue\",\"https:\\\/\\\/x.com\\\/AliadosPuebla\"],\"url\":\"https:\\\/\\\/www.aliadospuebla.com\\\/?author=2\"}]}<\/script>\n<!-- \/ Yoast SEO plugin. -->","yoast_head_json":{"title":"Impulsan en Congreso iniciativa para que la Cultura sea un derecho intergeneracional - AliadosPuebla","robots":{"index":"index","follow":"follow","max-snippet":"max-snippet:-1","max-image-preview":"max-image-preview:large","max-video-preview":"max-video-preview:-1"},"canonical":"https:\/\/www.aliadospuebla.com\/?p=100711","og_locale":"es_ES","og_type":"article","og_title":"Impulsan en Congreso iniciativa para que la Cultura sea un derecho intergeneracional - AliadosPuebla","og_description":"Analizar\u00e1n en Comisiones puntos de acuerdo en materia de transporte y seguridad Para conservar y fomentar el patrimonio tangible e intangible en la entidad, la diputada Azucena Rosas Tapia present\u00f3 una iniciativa de reforma a la Ley de Cultura del Estado de Puebla, a fin de establecer el derecho a la cultura, entendido como un derecho intergeneracional. &nbsp; En su intervenci\u00f3n, durante sesi\u00f3n ordinaria de Pleno, la diputada expuso que la cultura es un factor de identidad individual y colectiva, por lo que debe considerarse un derecho y preservarse a trav\u00e9s de los a\u00f1os. &nbsp; \u201cNo perdamos de vista que la cultura es una fuerza poderosa en esta sociedad, capaz de unir a las personas que la integramos, ayudando as\u00ed a desarrollar la identidad individual&hellip;Leer m\u00e1s...","og_url":"https:\/\/www.aliadospuebla.com\/?p=100711","og_site_name":"AliadosPuebla","article_author":"https:\/\/www.facebook.com\/Aliados17Pue","article_published_time":"2025-01-18T02:04:30+00:00","og_image":[{"width":600,"height":450,"url":"https:\/\/www.aliadospuebla.com\/web2017\/wp-content\/uploads\/2025\/01\/230.jpg","type":"image\/jpeg"}],"author":"Aliados17","twitter_card":"summary_large_image","twitter_creator":"@AliadosPuebla","twitter_misc":{"Escrito por":"Aliados17","Tiempo de lectura":"2 minutos"},"schema":{"@context":"https:\/\/schema.org","@graph":[{"@type":"Article","@id":"https:\/\/www.aliadospuebla.com\/?p=100711#article","isPartOf":{"@id":"https:\/\/www.aliadospuebla.com\/?p=100711"},"author":{"name":"Aliados17","@id":"https:\/\/www.aliadospuebla.com\/#\/schema\/person\/5da7dd09320bd4f392b710017ed5f8ad"},"headline":"Impulsan en Congreso iniciativa para que la Cultura sea un derecho intergeneracional","datePublished":"2025-01-18T02:04:30+00:00","mainEntityOfPage":{"@id":"https:\/\/www.aliadospuebla.com\/?p=100711"},"wordCount":374,"commentCount":0,"image":{"@id":"https:\/\/www.aliadospuebla.com\/?p=100711#primaryimage"},"thumbnailUrl":"https:\/\/www.aliadospuebla.com\/web2017\/wp-content\/uploads\/2025\/01\/230.jpg","keywords":["Azucena Rosas Tapia","Cultura","derecho intergeneracional","Fedrha Isabel Suriano Corrales","iniciativa","SESI\u00d3N ORDINARIA","Susana del Carmen Riestra Pi\u00f1a"],"articleSection":["Pol\u00edtica"],"inLanguage":"es","potentialAction":[{"@type":"CommentAction","name":"Comment","target":["https:\/\/www.aliadospuebla.com\/?p=100711#respond"]}]},{"@type":"WebPage","@id":"https:\/\/www.aliadospuebla.com\/?p=100711","url":"https:\/\/www.aliadospuebla.com\/?p=100711","name":"Impulsan en Congreso iniciativa para que la Cultura sea un derecho intergeneracional - AliadosPuebla","isPartOf":{"@id":"https:\/\/www.aliadospuebla.com\/#website"},"primaryImageOfPage":{"@id":"https:\/\/www.aliadospuebla.com\/?p=100711#primaryimage"},"image":{"@id":"https:\/\/www.aliadospuebla.com\/?p=100711#primaryimage"},"thumbnailUrl":"https:\/\/www.aliadospuebla.com\/web2017\/wp-content\/uploads\/2025\/01\/230.jpg","datePublished":"2025-01-18T02:04:30+00:00","author":{"@id":"https:\/\/www.aliadospuebla.com\/#\/schema\/person\/5da7dd09320bd4f392b710017ed5f8ad"},"breadcrumb":{"@id":"https:\/\/www.aliadospuebla.com\/?p=100711#breadcrumb"},"inLanguage":"es","potentialAction":[{"@type":"ReadAction","target":["https:\/\/www.aliadospuebla.com\/?p=100711"]}]},{"@type":"ImageObject","inLanguage":"es","@id":"https:\/\/www.aliadospuebla.com\/?p=100711#primaryimage","url":"https:\/\/www.aliadospuebla.com\/web2017\/wp-content\/uploads\/2025\/01\/230.jpg","contentUrl":"https:\/\/www.aliadospuebla.com\/web2017\/wp-content\/uploads\/2025\/01\/230.jpg","width":600,"height":450},{"@type":"BreadcrumbList","@id":"https:\/\/www.aliadospuebla.com\/?p=100711#breadcrumb","itemListElement":[{"@type":"ListItem","position":1,"name":"Portada","item":"https:\/\/www.aliadospuebla.com\/"},{"@type":"ListItem","position":2,"name":"Impulsan en Congreso iniciativa para que la Cultura sea un derecho intergeneracional"}]},{"@type":"WebSite","@id":"https:\/\/www.aliadospuebla.com\/#website","url":"https:\/\/www.aliadospuebla.com\/","name":"AliadosPuebla","description":"La informaci\u00f3n en tus manos","potentialAction":[{"@type":"SearchAction","target":{"@type":"EntryPoint","urlTemplate":"https:\/\/www.aliadospuebla.com\/?s={search_term_string}"},"query-input":{"@type":"PropertyValueSpecification","valueRequired":true,"valueName":"search_term_string"}}],"inLanguage":"es"},{"@type":"Person","@id":"https:\/\/www.aliadospuebla.com\/#\/schema\/person\/5da7dd09320bd4f392b710017ed5f8ad","name":"Aliados17","image":{"@type":"ImageObject","inLanguage":"es","@id":"https:\/\/www.aliadospuebla.com\/web2017\/wp-content\/uploads\/2025\/03\/cropped-para-perfil-8-anos-1-96x96.jpg","url":"https:\/\/www.aliadospuebla.com\/web2017\/wp-content\/uploads\/2025\/03\/cropped-para-perfil-8-anos-1-96x96.jpg","contentUrl":"https:\/\/www.aliadospuebla.com\/web2017\/wp-content\/uploads\/2025\/03\/cropped-para-perfil-8-anos-1-96x96.jpg","caption":"Aliados17"},"sameAs":["https:\/\/www.aliados17.com","https:\/\/www.facebook.com\/Aliados17Pue","https:\/\/x.com\/AliadosPuebla"],"url":"https:\/\/www.aliadospuebla.com\/?author=2"}]}},"views":10,"_links":{"self":[{"href":"https:\/\/www.aliadospuebla.com\/index.php?rest_route=\/wp\/v2\/posts\/100711","targetHints":{"allow":["GET"]}}],"collection":[{"href":"https:\/\/www.aliadospuebla.com\/index.php?rest_route=\/wp\/v2\/posts"}],"about":[{"href":"https:\/\/www.aliadospuebla.com\/index.php?rest_route=\/wp\/v2\/types\/post"}],"author":[{"embeddable":true,"href":"https:\/\/www.aliadospuebla.com\/index.php?rest_route=\/wp\/v2\/users\/2"}],"replies":[{"embeddable":true,"href":"https:\/\/www.aliadospuebla.com\/index.php?rest_route=%2Fwp%2Fv2%2Fcomments&post=100711"}],"version-history":[{"count":1,"href":"https:\/\/www.aliadospuebla.com\/index.php?rest_route=\/wp\/v2\/posts\/100711\/revisions"}],"predecessor-version":[{"id":100713,"href":"https:\/\/www.aliadospuebla.com\/index.php?rest_route=\/wp\/v2\/posts\/100711\/revisions\/100713"}],"wp:featuredmedia":[{"embeddable":true,"href":"https:\/\/www.aliadospuebla.com\/index.php?rest_route=\/wp\/v2\/media\/100712"}],"wp:attachment":[{"href":"https:\/\/www.aliadospuebla.com\/index.php?rest_route=%2Fwp%2Fv2%2Fmedia&parent=100711"}],"wp:term":[{"taxonomy":"category","embeddable":true,"href":"https:\/\/www.aliadospuebla.com\/index.php?rest_route=%2Fwp%2Fv2%2Fcategories&post=100711"},{"taxonomy":"post_tag","embeddable":true,"href":"https:\/\/www.aliadospuebla.com\/index.php?rest_route=%2Fwp%2Fv2%2Ftags&post=100711"}],"curies":[{"name":"wp","href":"https:\/\/api.w.org\/{rel}","templated":true}]}}