{"id":100637,"date":"2025-01-16T18:24:46","date_gmt":"2025-01-17T00:24:46","guid":{"rendered":"https:\/\/www.aliados17.com\/?p=100637"},"modified":"2025-01-16T18:24:46","modified_gmt":"2025-01-17T00:24:46","slug":"participo-edil-de-coronango-en-el-encuentro-nacional-municipal","status":"publish","type":"post","link":"https:\/\/www.aliadospuebla.com\/?p=100637","title":{"rendered":"Particip\u00f3 edil de Coronango en el Encuentro Nacional Municipal"},"content":{"rendered":"<h4>Sheinbaum Pardo mencion\u00f3 que el prop\u00f3sito de la reuni\u00f3n fue la de dejar en claro que deben trabajar todos juntos por el bien de los municipios y la gente.<\/h4>\n<p>El edil destac\u00f3 la importancia de este evento, ya que fue un espacio donde se busc\u00f3 coordinar los esfuerzos de los tres \u00f3rdenes de gobierno que deriven en resultados positivos para los municipios, incluido Coronango.<\/p>\n<p>Ciudad de M\u00e9xico.- El presidente municipal de Coronango, Armando Aguirre Amaro, particip\u00f3 en el Encuentro Nacional Municipal, evento que encabez\u00f3 la presidenta de M\u00e9xico, Claudia Sheinbaum Pardo, el gobernador de Puebla, Alejandro Armenta Mier, as\u00ed como funcionarios federales, estatales y municipales del pa\u00eds.<br \/>\nEl edil destac\u00f3 la importancia de este evento, ya que fue un espacio donde se busc\u00f3 coordinar los esfuerzos de los tres \u00f3rdenes de gobierno que deriven en resultados positivos para los municipios, incluido Coronango.<br \/>\nEn el evento, la presidenta de M\u00e9xico reconoci\u00f3 el trabajo de las y los alcaldes de todo el pa\u00eds, ya que son el primer contacto con los ciudadanos y por ende quienes deben de dar soluciones a las problem\u00e1ticas de la comunidad.<br \/>\n\u201cSi estamos bien es gracias a las presidentas y presidentes municipales, a las gobernadoras y gobernadores y todos quienes encabezamos el gobierno que tiene la misi\u00f3n y el deber de servir a su pueblo\u201d.<br \/>\nTras calificar este encuentro como hist\u00f3rico, \u00fanico e in\u00e9dito, Sheinbaum Pardo mencion\u00f3 que el prop\u00f3sito de la reuni\u00f3n fue la de dejar en claro que deben trabajar todos juntos por el bien de los municipios y la gente.<br \/>\nAl respecto, el presidente municipal de Coronango, refrend\u00f3 su compromiso de trabajar de la mano con la presidenta de M\u00e9xico, Claudia Sheinbaum y el mandatario poblano, Alejandro Armenta Mier para emprender programas, proyectos y acciones que se traduzcan en mejorar la calidad de vida de las familias de las juntas auxiliares, cabecera municipal y Misiones de San Francisco.<\/p>\n","protected":false},"excerpt":{"rendered":"<p>Sheinbaum Pardo mencion\u00f3 que el prop\u00f3sito de la reuni\u00f3n fue la de dejar en claro que deben trabajar todos juntos por el bien de los municipios y la gente. El edil destac\u00f3 la importancia de este evento, ya que fue un espacio donde se busc\u00f3 coordinar los esfuerzos de los tres \u00f3rdenes de gobierno que deriven en resultados positivos para los municipios, incluido Coronango. Ciudad de M\u00e9xico.- El presidente municipal de Coronango, Armando Aguirre Amaro, particip\u00f3 en el Encuentro Nacional Municipal, evento que encabez\u00f3 la presidenta de M\u00e9xico, Claudia Sheinbaum Pardo, el gobernador de Puebla, Alejandro Armenta Mier, as\u00ed como funcionarios federales, estatales y municipales del pa\u00eds. El edil destac\u00f3 la importancia de este evento, ya que fue un espacio donde se busc\u00f3 coordinar los&hellip;<\/p>\n<p class=\"excerpt-more\"><a class=\"blog-excerpt button\" href=\"https:\/\/www.aliadospuebla.com\/?p=100637\">Leer m\u00e1s&#8230;<\/a><\/p>\n","protected":false},"author":2,"featured_media":100638,"comment_status":"open","ping_status":"open","sticky":false,"template":"","format":"standard","meta":{"_monsterinsights_skip_tracking":false,"footnotes":""},"categories":[4],"tags":[2496,24601,20316,253,26904,26906,26905],"class_list":["post-100637","post","type-post","status-publish","format-standard","has-post-thumbnail","hentry","category-municipios","tag-alejandro-armenta-mier","tag-armando-aguirre-amaro","tag-claudia-sheinbaum-pardo","tag-coronango","tag-encuentro-nacional-municipal","tag-problematicas-de-la-comunidad","tag-resultados-positivos"],"yoast_head":"<!-- This site is optimized with the Yoast SEO plugin v28.4 - https:\/\/yoast.com\/product\/yoast-seo-wordpress\/ -->\n<title>Particip\u00f3 edil de Coronango en el Encuentro Nacional Municipal - AliadosPuebla<\/title>\n<meta name=\"robots\" content=\"index, follow, max-snippet:-1, max-image-preview:large, max-video-preview:-1\" \/>\n<link rel=\"canonical\" href=\"https:\/\/www.aliadospuebla.com\/?p=100637\" \/>\n<meta property=\"og:locale\" content=\"es_ES\" \/>\n<meta property=\"og:type\" content=\"article\" \/>\n<meta property=\"og:title\" content=\"Particip\u00f3 edil de Coronango en el Encuentro Nacional Municipal - AliadosPuebla\" \/>\n<meta property=\"og:description\" content=\"Sheinbaum Pardo mencion\u00f3 que el prop\u00f3sito de la reuni\u00f3n fue la de dejar en claro que deben trabajar todos juntos por el bien de los municipios y la gente. El edil destac\u00f3 la importancia de este evento, ya que fue un espacio donde se busc\u00f3 coordinar los esfuerzos de los tres \u00f3rdenes de gobierno que deriven en resultados positivos para los municipios, incluido Coronango. Ciudad de M\u00e9xico.- El presidente municipal de Coronango, Armando Aguirre Amaro, particip\u00f3 en el Encuentro Nacional Municipal, evento que encabez\u00f3 la presidenta de M\u00e9xico, Claudia Sheinbaum Pardo, el gobernador de Puebla, Alejandro Armenta Mier, as\u00ed como funcionarios federales, estatales y municipales del pa\u00eds. El edil destac\u00f3 la importancia de este evento, ya que fue un espacio donde se busc\u00f3 coordinar los&hellip;Leer m\u00e1s...\" \/>\n<meta property=\"og:url\" content=\"https:\/\/www.aliadospuebla.com\/?p=100637\" \/>\n<meta property=\"og:site_name\" content=\"AliadosPuebla\" \/>\n<meta property=\"article:author\" content=\"https:\/\/www.facebook.com\/Aliados17Pue\" \/>\n<meta property=\"article:published_time\" content=\"2025-01-17T00:24:46+00:00\" \/>\n<meta property=\"og:image\" content=\"https:\/\/www.aliadospuebla.com\/web2017\/wp-content\/uploads\/2025\/01\/213.jpg\" \/>\n\t<meta property=\"og:image:width\" content=\"600\" \/>\n\t<meta property=\"og:image:height\" content=\"450\" \/>\n\t<meta property=\"og:image:type\" content=\"image\/jpeg\" \/>\n<meta name=\"author\" content=\"Aliados17\" \/>\n<meta name=\"twitter:card\" content=\"summary_large_image\" \/>\n<meta name=\"twitter:creator\" content=\"@AliadosPuebla\" \/>\n<meta name=\"twitter:label1\" content=\"Escrito por\" \/>\n\t<meta name=\"twitter:data1\" content=\"Aliados17\" \/>\n\t<meta name=\"twitter:label2\" content=\"Tiempo de lectura\" \/>\n\t<meta name=\"twitter:data2\" content=\"2 minutos\" \/>\n<script type=\"application\/ld+json\" class=\"yoast-schema-graph\">{\"@context\":\"https:\\\/\\\/schema.org\",\"@graph\":[{\"@type\":\"Article\",\"@id\":\"https:\\\/\\\/www.aliadospuebla.com\\\/?p=100637#article\",\"isPartOf\":{\"@id\":\"https:\\\/\\\/www.aliadospuebla.com\\\/?p=100637\"},\"author\":{\"name\":\"Aliados17\",\"@id\":\"https:\\\/\\\/www.aliadospuebla.com\\\/#\\\/schema\\\/person\\\/5da7dd09320bd4f392b710017ed5f8ad\"},\"headline\":\"Particip\u00f3 edil de Coronango en el Encuentro Nacional Municipal\",\"datePublished\":\"2025-01-17T00:24:46+00:00\",\"mainEntityOfPage\":{\"@id\":\"https:\\\/\\\/www.aliadospuebla.com\\\/?p=100637\"},\"wordCount\":338,\"commentCount\":0,\"image\":{\"@id\":\"https:\\\/\\\/www.aliadospuebla.com\\\/?p=100637#primaryimage\"},\"thumbnailUrl\":\"https:\\\/\\\/www.aliadospuebla.com\\\/web2017\\\/wp-content\\\/uploads\\\/2025\\\/01\\\/213.jpg\",\"keywords\":[\"ALEJANDRO ARMENTA MIER\",\"Armando Aguirre Amaro\",\"Claudia Sheinbaum Pardo\",\"Coronango\",\"Encuentro Nacional Municipal\",\"problem\u00e1ticas de la comunidad\",\"resultados positivos\"],\"articleSection\":[\"Municipios\"],\"inLanguage\":\"es\",\"potentialAction\":[{\"@type\":\"CommentAction\",\"name\":\"Comment\",\"target\":[\"https:\\\/\\\/www.aliadospuebla.com\\\/?p=100637#respond\"]}]},{\"@type\":\"WebPage\",\"@id\":\"https:\\\/\\\/www.aliadospuebla.com\\\/?p=100637\",\"url\":\"https:\\\/\\\/www.aliadospuebla.com\\\/?p=100637\",\"name\":\"Particip\u00f3 edil de Coronango en el Encuentro Nacional Municipal - AliadosPuebla\",\"isPartOf\":{\"@id\":\"https:\\\/\\\/www.aliadospuebla.com\\\/#website\"},\"primaryImageOfPage\":{\"@id\":\"https:\\\/\\\/www.aliadospuebla.com\\\/?p=100637#primaryimage\"},\"image\":{\"@id\":\"https:\\\/\\\/www.aliadospuebla.com\\\/?p=100637#primaryimage\"},\"thumbnailUrl\":\"https:\\\/\\\/www.aliadospuebla.com\\\/web2017\\\/wp-content\\\/uploads\\\/2025\\\/01\\\/213.jpg\",\"datePublished\":\"2025-01-17T00:24:46+00:00\",\"author\":{\"@id\":\"https:\\\/\\\/www.aliadospuebla.com\\\/#\\\/schema\\\/person\\\/5da7dd09320bd4f392b710017ed5f8ad\"},\"breadcrumb\":{\"@id\":\"https:\\\/\\\/www.aliadospuebla.com\\\/?p=100637#breadcrumb\"},\"inLanguage\":\"es\",\"potentialAction\":[{\"@type\":\"ReadAction\",\"target\":[\"https:\\\/\\\/www.aliadospuebla.com\\\/?p=100637\"]}]},{\"@type\":\"ImageObject\",\"inLanguage\":\"es\",\"@id\":\"https:\\\/\\\/www.aliadospuebla.com\\\/?p=100637#primaryimage\",\"url\":\"https:\\\/\\\/www.aliadospuebla.com\\\/web2017\\\/wp-content\\\/uploads\\\/2025\\\/01\\\/213.jpg\",\"contentUrl\":\"https:\\\/\\\/www.aliadospuebla.com\\\/web2017\\\/wp-content\\\/uploads\\\/2025\\\/01\\\/213.jpg\",\"width\":600,\"height\":450},{\"@type\":\"BreadcrumbList\",\"@id\":\"https:\\\/\\\/www.aliadospuebla.com\\\/?p=100637#breadcrumb\",\"itemListElement\":[{\"@type\":\"ListItem\",\"position\":1,\"name\":\"Portada\",\"item\":\"https:\\\/\\\/www.aliadospuebla.com\\\/\"},{\"@type\":\"ListItem\",\"position\":2,\"name\":\"Particip\u00f3 edil de Coronango en el Encuentro Nacional Municipal\"}]},{\"@type\":\"WebSite\",\"@id\":\"https:\\\/\\\/www.aliadospuebla.com\\\/#website\",\"url\":\"https:\\\/\\\/www.aliadospuebla.com\\\/\",\"name\":\"AliadosPuebla\",\"description\":\"La informaci\u00f3n en tus manos\",\"potentialAction\":[{\"@type\":\"SearchAction\",\"target\":{\"@type\":\"EntryPoint\",\"urlTemplate\":\"https:\\\/\\\/www.aliadospuebla.com\\\/?s={search_term_string}\"},\"query-input\":{\"@type\":\"PropertyValueSpecification\",\"valueRequired\":true,\"valueName\":\"search_term_string\"}}],\"inLanguage\":\"es\"},{\"@type\":\"Person\",\"@id\":\"https:\\\/\\\/www.aliadospuebla.com\\\/#\\\/schema\\\/person\\\/5da7dd09320bd4f392b710017ed5f8ad\",\"name\":\"Aliados17\",\"image\":{\"@type\":\"ImageObject\",\"inLanguage\":\"es\",\"@id\":\"https:\\\/\\\/www.aliadospuebla.com\\\/web2017\\\/wp-content\\\/uploads\\\/2025\\\/03\\\/cropped-para-perfil-8-anos-1-96x96.jpg\",\"url\":\"https:\\\/\\\/www.aliadospuebla.com\\\/web2017\\\/wp-content\\\/uploads\\\/2025\\\/03\\\/cropped-para-perfil-8-anos-1-96x96.jpg\",\"contentUrl\":\"https:\\\/\\\/www.aliadospuebla.com\\\/web2017\\\/wp-content\\\/uploads\\\/2025\\\/03\\\/cropped-para-perfil-8-anos-1-96x96.jpg\",\"caption\":\"Aliados17\"},\"sameAs\":[\"https:\\\/\\\/www.aliados17.com\",\"https:\\\/\\\/www.facebook.com\\\/Aliados17Pue\",\"https:\\\/\\\/x.com\\\/AliadosPuebla\"],\"url\":\"https:\\\/\\\/www.aliadospuebla.com\\\/?author=2\"}]}<\/script>\n<!-- \/ Yoast SEO plugin. -->","yoast_head_json":{"title":"Particip\u00f3 edil de Coronango en el Encuentro Nacional Municipal - AliadosPuebla","robots":{"index":"index","follow":"follow","max-snippet":"max-snippet:-1","max-image-preview":"max-image-preview:large","max-video-preview":"max-video-preview:-1"},"canonical":"https:\/\/www.aliadospuebla.com\/?p=100637","og_locale":"es_ES","og_type":"article","og_title":"Particip\u00f3 edil de Coronango en el Encuentro Nacional Municipal - AliadosPuebla","og_description":"Sheinbaum Pardo mencion\u00f3 que el prop\u00f3sito de la reuni\u00f3n fue la de dejar en claro que deben trabajar todos juntos por el bien de los municipios y la gente. El edil destac\u00f3 la importancia de este evento, ya que fue un espacio donde se busc\u00f3 coordinar los esfuerzos de los tres \u00f3rdenes de gobierno que deriven en resultados positivos para los municipios, incluido Coronango. Ciudad de M\u00e9xico.- El presidente municipal de Coronango, Armando Aguirre Amaro, particip\u00f3 en el Encuentro Nacional Municipal, evento que encabez\u00f3 la presidenta de M\u00e9xico, Claudia Sheinbaum Pardo, el gobernador de Puebla, Alejandro Armenta Mier, as\u00ed como funcionarios federales, estatales y municipales del pa\u00eds. El edil destac\u00f3 la importancia de este evento, ya que fue un espacio donde se busc\u00f3 coordinar los&hellip;Leer m\u00e1s...","og_url":"https:\/\/www.aliadospuebla.com\/?p=100637","og_site_name":"AliadosPuebla","article_author":"https:\/\/www.facebook.com\/Aliados17Pue","article_published_time":"2025-01-17T00:24:46+00:00","og_image":[{"width":600,"height":450,"url":"https:\/\/www.aliadospuebla.com\/web2017\/wp-content\/uploads\/2025\/01\/213.jpg","type":"image\/jpeg"}],"author":"Aliados17","twitter_card":"summary_large_image","twitter_creator":"@AliadosPuebla","twitter_misc":{"Escrito por":"Aliados17","Tiempo de lectura":"2 minutos"},"schema":{"@context":"https:\/\/schema.org","@graph":[{"@type":"Article","@id":"https:\/\/www.aliadospuebla.com\/?p=100637#article","isPartOf":{"@id":"https:\/\/www.aliadospuebla.com\/?p=100637"},"author":{"name":"Aliados17","@id":"https:\/\/www.aliadospuebla.com\/#\/schema\/person\/5da7dd09320bd4f392b710017ed5f8ad"},"headline":"Particip\u00f3 edil de Coronango en el Encuentro Nacional Municipal","datePublished":"2025-01-17T00:24:46+00:00","mainEntityOfPage":{"@id":"https:\/\/www.aliadospuebla.com\/?p=100637"},"wordCount":338,"commentCount":0,"image":{"@id":"https:\/\/www.aliadospuebla.com\/?p=100637#primaryimage"},"thumbnailUrl":"https:\/\/www.aliadospuebla.com\/web2017\/wp-content\/uploads\/2025\/01\/213.jpg","keywords":["ALEJANDRO ARMENTA MIER","Armando Aguirre Amaro","Claudia Sheinbaum Pardo","Coronango","Encuentro Nacional Municipal","problem\u00e1ticas de la comunidad","resultados positivos"],"articleSection":["Municipios"],"inLanguage":"es","potentialAction":[{"@type":"CommentAction","name":"Comment","target":["https:\/\/www.aliadospuebla.com\/?p=100637#respond"]}]},{"@type":"WebPage","@id":"https:\/\/www.aliadospuebla.com\/?p=100637","url":"https:\/\/www.aliadospuebla.com\/?p=100637","name":"Particip\u00f3 edil de Coronango en el Encuentro Nacional Municipal - AliadosPuebla","isPartOf":{"@id":"https:\/\/www.aliadospuebla.com\/#website"},"primaryImageOfPage":{"@id":"https:\/\/www.aliadospuebla.com\/?p=100637#primaryimage"},"image":{"@id":"https:\/\/www.aliadospuebla.com\/?p=100637#primaryimage"},"thumbnailUrl":"https:\/\/www.aliadospuebla.com\/web2017\/wp-content\/uploads\/2025\/01\/213.jpg","datePublished":"2025-01-17T00:24:46+00:00","author":{"@id":"https:\/\/www.aliadospuebla.com\/#\/schema\/person\/5da7dd09320bd4f392b710017ed5f8ad"},"breadcrumb":{"@id":"https:\/\/www.aliadospuebla.com\/?p=100637#breadcrumb"},"inLanguage":"es","potentialAction":[{"@type":"ReadAction","target":["https:\/\/www.aliadospuebla.com\/?p=100637"]}]},{"@type":"ImageObject","inLanguage":"es","@id":"https:\/\/www.aliadospuebla.com\/?p=100637#primaryimage","url":"https:\/\/www.aliadospuebla.com\/web2017\/wp-content\/uploads\/2025\/01\/213.jpg","contentUrl":"https:\/\/www.aliadospuebla.com\/web2017\/wp-content\/uploads\/2025\/01\/213.jpg","width":600,"height":450},{"@type":"BreadcrumbList","@id":"https:\/\/www.aliadospuebla.com\/?p=100637#breadcrumb","itemListElement":[{"@type":"ListItem","position":1,"name":"Portada","item":"https:\/\/www.aliadospuebla.com\/"},{"@type":"ListItem","position":2,"name":"Particip\u00f3 edil de Coronango en el Encuentro Nacional Municipal"}]},{"@type":"WebSite","@id":"https:\/\/www.aliadospuebla.com\/#website","url":"https:\/\/www.aliadospuebla.com\/","name":"AliadosPuebla","description":"La informaci\u00f3n en tus manos","potentialAction":[{"@type":"SearchAction","target":{"@type":"EntryPoint","urlTemplate":"https:\/\/www.aliadospuebla.com\/?s={search_term_string}"},"query-input":{"@type":"PropertyValueSpecification","valueRequired":true,"valueName":"search_term_string"}}],"inLanguage":"es"},{"@type":"Person","@id":"https:\/\/www.aliadospuebla.com\/#\/schema\/person\/5da7dd09320bd4f392b710017ed5f8ad","name":"Aliados17","image":{"@type":"ImageObject","inLanguage":"es","@id":"https:\/\/www.aliadospuebla.com\/web2017\/wp-content\/uploads\/2025\/03\/cropped-para-perfil-8-anos-1-96x96.jpg","url":"https:\/\/www.aliadospuebla.com\/web2017\/wp-content\/uploads\/2025\/03\/cropped-para-perfil-8-anos-1-96x96.jpg","contentUrl":"https:\/\/www.aliadospuebla.com\/web2017\/wp-content\/uploads\/2025\/03\/cropped-para-perfil-8-anos-1-96x96.jpg","caption":"Aliados17"},"sameAs":["https:\/\/www.aliados17.com","https:\/\/www.facebook.com\/Aliados17Pue","https:\/\/x.com\/AliadosPuebla"],"url":"https:\/\/www.aliadospuebla.com\/?author=2"}]}},"views":8,"_links":{"self":[{"href":"https:\/\/www.aliadospuebla.com\/index.php?rest_route=\/wp\/v2\/posts\/100637","targetHints":{"allow":["GET"]}}],"collection":[{"href":"https:\/\/www.aliadospuebla.com\/index.php?rest_route=\/wp\/v2\/posts"}],"about":[{"href":"https:\/\/www.aliadospuebla.com\/index.php?rest_route=\/wp\/v2\/types\/post"}],"author":[{"embeddable":true,"href":"https:\/\/www.aliadospuebla.com\/index.php?rest_route=\/wp\/v2\/users\/2"}],"replies":[{"embeddable":true,"href":"https:\/\/www.aliadospuebla.com\/index.php?rest_route=%2Fwp%2Fv2%2Fcomments&post=100637"}],"version-history":[{"count":1,"href":"https:\/\/www.aliadospuebla.com\/index.php?rest_route=\/wp\/v2\/posts\/100637\/revisions"}],"predecessor-version":[{"id":100639,"href":"https:\/\/www.aliadospuebla.com\/index.php?rest_route=\/wp\/v2\/posts\/100637\/revisions\/100639"}],"wp:featuredmedia":[{"embeddable":true,"href":"https:\/\/www.aliadospuebla.com\/index.php?rest_route=\/wp\/v2\/media\/100638"}],"wp:attachment":[{"href":"https:\/\/www.aliadospuebla.com\/index.php?rest_route=%2Fwp%2Fv2%2Fmedia&parent=100637"}],"wp:term":[{"taxonomy":"category","embeddable":true,"href":"https:\/\/www.aliadospuebla.com\/index.php?rest_route=%2Fwp%2Fv2%2Fcategories&post=100637"},{"taxonomy":"post_tag","embeddable":true,"href":"https:\/\/www.aliadospuebla.com\/index.php?rest_route=%2Fwp%2Fv2%2Ftags&post=100637"}],"curies":[{"name":"wp","href":"https:\/\/api.w.org\/{rel}","templated":true}]}}