{"id":100377,"date":"2025-01-11T15:11:05","date_gmt":"2025-01-11T21:11:05","guid":{"rendered":"https:\/\/www.aliados17.com\/?p=100377"},"modified":"2025-01-11T15:11:05","modified_gmt":"2025-01-11T21:11:05","slug":"gobierno-de-puebla-garantiza-proteccion-a-mujeres-en-servicio-de-taxi-de-plataformas","status":"publish","type":"post","link":"https:\/\/www.aliadospuebla.com\/?p=100377","title":{"rendered":"Gobierno de Puebla garantiza protecci\u00f3n a mujeres en servicio de taxi de plataformas"},"content":{"rendered":"<h4>No se permitir\u00e1 que se vulneren sus derechos al difundir datos personales.<\/h4>\n<p>CIUDAD DE PUEBLA, Pue.- Para garantizar el respeto y la protecci\u00f3n de los derechos de las mujeres,<\/p>\n<p>adolescentes y ni\u00f1as en el servicio de traslado privado que ofrecen plataformas en Puebla,<\/p>\n<p>el gobierno del Estado, que encabeza Alejandro Armenta, actuar\u00e1 con firmeza<\/p>\n<p>a trav\u00e9s de la Secretar\u00eda de Movilidad y Transporte para llegar hasta las \u00faltimas consecuencias<\/p>\n<p>y detener la presunta pr\u00e1ctica entre choferes que vulneran la informaci\u00f3n de las usuarias.<\/p>\n<p>Estas acciones surgen como respuesta inmediata a reportes que circula en redes sociales y medios de comunicaci\u00f3n,<\/p>\n<p>donde se denuncia que fotograf\u00edas y datos personales son exhibidos en redes sociales,<\/p>\n<p>a trav\u00e9s de la cuenta InDriver, presuntamente creada por conductores de servicio de traslado por aplicaci\u00f3n,<\/p>\n<p>utilizada para burlarse de las mujeres y revelar informaci\u00f3n personal como ubicaciones y rostros.<\/p>\n<p>La Secretar\u00eda de Movilidad y Transporte gir\u00f3 cartas a los concesionarios que ofrecen el servicio de traslado por plataformas privadas en Puebla, advirti\u00e9ndoles que compartir datos personales de los usuarios, es una violaci\u00f3n de sus derechos. De comprobarse la participaci\u00f3n de los conductores en la mencionada pr\u00e1ctica, enfrentar\u00e1n consecuencias jur\u00eddicas, incluida la posibilidad de presentar denuncias para investigar la posible comisi\u00f3n de un delito penal.<\/p>\n<p>El gobierno humanista que encabeza Alejandro Armenta reitera su compromiso de promover en las y los servidores p\u00fablicos, una cultura de trato digno y cercano, que escuchen y atiendan las necesidades de la poblaci\u00f3n.<\/p>\n","protected":false},"excerpt":{"rendered":"<p>No se permitir\u00e1 que se vulneren sus derechos al difundir datos personales. CIUDAD DE PUEBLA, Pue.- Para garantizar el respeto y la protecci\u00f3n de los derechos de las mujeres, adolescentes y ni\u00f1as en el servicio de traslado privado que ofrecen plataformas en Puebla, el gobierno del Estado, que encabeza Alejandro Armenta, actuar\u00e1 con firmeza a trav\u00e9s de la Secretar\u00eda de Movilidad y Transporte para llegar hasta las \u00faltimas consecuencias y detener la presunta pr\u00e1ctica entre choferes que vulneran la informaci\u00f3n de las usuarias. Estas acciones surgen como respuesta inmediata a reportes que circula en redes sociales y medios de comunicaci\u00f3n, donde se denuncia que fotograf\u00edas y datos personales son exhibidos en redes sociales, a trav\u00e9s de la cuenta InDriver, presuntamente creada por conductores de servicio&hellip;<\/p>\n<p class=\"excerpt-more\"><a class=\"blog-excerpt button\" href=\"https:\/\/www.aliadospuebla.com\/?p=100377\">Leer m\u00e1s&#8230;<\/a><\/p>\n","protected":false},"author":2,"featured_media":100378,"comment_status":"open","ping_status":"open","sticky":false,"template":"","format":"standard","meta":{"_monsterinsights_skip_tracking":false,"footnotes":""},"categories":[61],"tags":[4780,2606,26741,9164,26742,26740],"class_list":["post-100377","post","type-post","status-publish","format-standard","has-post-thumbnail","hentry","category-gobierno","tag-alejandro-armenta","tag-datos-personales","tag-garantizar-el-respeto","tag-proteccion-a-mujeres","tag-secretaria-de-movilidad-y-transporte","tag-taxi-de-plataformas"],"yoast_head":"<!-- This site is optimized with the Yoast SEO plugin v28.3 - https:\/\/yoast.com\/product\/yoast-seo-wordpress\/ -->\n<title>Gobierno de Puebla garantiza protecci\u00f3n a mujeres en servicio de taxi de plataformas - AliadosPuebla<\/title>\n<meta name=\"robots\" content=\"index, follow, max-snippet:-1, max-image-preview:large, max-video-preview:-1\" \/>\n<link rel=\"canonical\" href=\"https:\/\/www.aliadospuebla.com\/?p=100377\" \/>\n<meta property=\"og:locale\" content=\"es_ES\" \/>\n<meta property=\"og:type\" content=\"article\" \/>\n<meta property=\"og:title\" content=\"Gobierno de Puebla garantiza protecci\u00f3n a mujeres en servicio de taxi de plataformas - AliadosPuebla\" \/>\n<meta property=\"og:description\" content=\"No se permitir\u00e1 que se vulneren sus derechos al difundir datos personales. CIUDAD DE PUEBLA, Pue.- Para garantizar el respeto y la protecci\u00f3n de los derechos de las mujeres, adolescentes y ni\u00f1as en el servicio de traslado privado que ofrecen plataformas en Puebla, el gobierno del Estado, que encabeza Alejandro Armenta, actuar\u00e1 con firmeza a trav\u00e9s de la Secretar\u00eda de Movilidad y Transporte para llegar hasta las \u00faltimas consecuencias y detener la presunta pr\u00e1ctica entre choferes que vulneran la informaci\u00f3n de las usuarias. Estas acciones surgen como respuesta inmediata a reportes que circula en redes sociales y medios de comunicaci\u00f3n, donde se denuncia que fotograf\u00edas y datos personales son exhibidos en redes sociales, a trav\u00e9s de la cuenta InDriver, presuntamente creada por conductores de servicio&hellip;Leer m\u00e1s...\" \/>\n<meta property=\"og:url\" content=\"https:\/\/www.aliadospuebla.com\/?p=100377\" \/>\n<meta property=\"og:site_name\" content=\"AliadosPuebla\" \/>\n<meta property=\"article:author\" content=\"https:\/\/www.facebook.com\/Aliados17Pue\" \/>\n<meta property=\"article:published_time\" content=\"2025-01-11T21:11:05+00:00\" \/>\n<meta property=\"og:image\" content=\"https:\/\/www.aliadospuebla.com\/web2017\/wp-content\/uploads\/2025\/01\/150.jpg\" \/>\n\t<meta property=\"og:image:width\" content=\"600\" \/>\n\t<meta property=\"og:image:height\" content=\"450\" \/>\n\t<meta property=\"og:image:type\" content=\"image\/jpeg\" \/>\n<meta name=\"author\" content=\"Aliados17\" \/>\n<meta name=\"twitter:card\" content=\"summary_large_image\" \/>\n<meta name=\"twitter:creator\" content=\"@AliadosPuebla\" \/>\n<meta name=\"twitter:label1\" content=\"Escrito por\" \/>\n\t<meta name=\"twitter:data1\" content=\"Aliados17\" \/>\n\t<meta name=\"twitter:label2\" content=\"Tiempo de lectura\" \/>\n\t<meta name=\"twitter:data2\" content=\"2 minutos\" \/>\n<script type=\"application\/ld+json\" class=\"yoast-schema-graph\">{\"@context\":\"https:\\\/\\\/schema.org\",\"@graph\":[{\"@type\":\"Article\",\"@id\":\"https:\\\/\\\/www.aliadospuebla.com\\\/?p=100377#article\",\"isPartOf\":{\"@id\":\"https:\\\/\\\/www.aliadospuebla.com\\\/?p=100377\"},\"author\":{\"name\":\"Aliados17\",\"@id\":\"https:\\\/\\\/www.aliadospuebla.com\\\/#\\\/schema\\\/person\\\/5da7dd09320bd4f392b710017ed5f8ad\"},\"headline\":\"Gobierno de Puebla garantiza protecci\u00f3n a mujeres en servicio de taxi de plataformas\",\"datePublished\":\"2025-01-11T21:11:05+00:00\",\"mainEntityOfPage\":{\"@id\":\"https:\\\/\\\/www.aliadospuebla.com\\\/?p=100377\"},\"wordCount\":278,\"commentCount\":0,\"image\":{\"@id\":\"https:\\\/\\\/www.aliadospuebla.com\\\/?p=100377#primaryimage\"},\"thumbnailUrl\":\"https:\\\/\\\/www.aliadospuebla.com\\\/web2017\\\/wp-content\\\/uploads\\\/2025\\\/01\\\/150.jpg\",\"keywords\":[\"ALEJANDRO ARMENTA\",\"DATOS PERSONALES\",\"garantizar el respeto\",\"protecci\u00f3n a mujeres\",\"Secretar\u00eda de Movilidad y Transporte\",\"taxi de plataformas\"],\"articleSection\":[\"Gobierno\"],\"inLanguage\":\"es\",\"potentialAction\":[{\"@type\":\"CommentAction\",\"name\":\"Comment\",\"target\":[\"https:\\\/\\\/www.aliadospuebla.com\\\/?p=100377#respond\"]}]},{\"@type\":\"WebPage\",\"@id\":\"https:\\\/\\\/www.aliadospuebla.com\\\/?p=100377\",\"url\":\"https:\\\/\\\/www.aliadospuebla.com\\\/?p=100377\",\"name\":\"Gobierno de Puebla garantiza protecci\u00f3n a mujeres en servicio de taxi de plataformas - AliadosPuebla\",\"isPartOf\":{\"@id\":\"https:\\\/\\\/www.aliadospuebla.com\\\/#website\"},\"primaryImageOfPage\":{\"@id\":\"https:\\\/\\\/www.aliadospuebla.com\\\/?p=100377#primaryimage\"},\"image\":{\"@id\":\"https:\\\/\\\/www.aliadospuebla.com\\\/?p=100377#primaryimage\"},\"thumbnailUrl\":\"https:\\\/\\\/www.aliadospuebla.com\\\/web2017\\\/wp-content\\\/uploads\\\/2025\\\/01\\\/150.jpg\",\"datePublished\":\"2025-01-11T21:11:05+00:00\",\"author\":{\"@id\":\"https:\\\/\\\/www.aliadospuebla.com\\\/#\\\/schema\\\/person\\\/5da7dd09320bd4f392b710017ed5f8ad\"},\"breadcrumb\":{\"@id\":\"https:\\\/\\\/www.aliadospuebla.com\\\/?p=100377#breadcrumb\"},\"inLanguage\":\"es\",\"potentialAction\":[{\"@type\":\"ReadAction\",\"target\":[\"https:\\\/\\\/www.aliadospuebla.com\\\/?p=100377\"]}]},{\"@type\":\"ImageObject\",\"inLanguage\":\"es\",\"@id\":\"https:\\\/\\\/www.aliadospuebla.com\\\/?p=100377#primaryimage\",\"url\":\"https:\\\/\\\/www.aliadospuebla.com\\\/web2017\\\/wp-content\\\/uploads\\\/2025\\\/01\\\/150.jpg\",\"contentUrl\":\"https:\\\/\\\/www.aliadospuebla.com\\\/web2017\\\/wp-content\\\/uploads\\\/2025\\\/01\\\/150.jpg\",\"width\":600,\"height\":450},{\"@type\":\"BreadcrumbList\",\"@id\":\"https:\\\/\\\/www.aliadospuebla.com\\\/?p=100377#breadcrumb\",\"itemListElement\":[{\"@type\":\"ListItem\",\"position\":1,\"name\":\"Portada\",\"item\":\"https:\\\/\\\/www.aliadospuebla.com\\\/\"},{\"@type\":\"ListItem\",\"position\":2,\"name\":\"Gobierno de Puebla garantiza protecci\u00f3n a mujeres en servicio de taxi de plataformas\"}]},{\"@type\":\"WebSite\",\"@id\":\"https:\\\/\\\/www.aliadospuebla.com\\\/#website\",\"url\":\"https:\\\/\\\/www.aliadospuebla.com\\\/\",\"name\":\"AliadosPuebla\",\"description\":\"La informaci\u00f3n en tus manos\",\"potentialAction\":[{\"@type\":\"SearchAction\",\"target\":{\"@type\":\"EntryPoint\",\"urlTemplate\":\"https:\\\/\\\/www.aliadospuebla.com\\\/?s={search_term_string}\"},\"query-input\":{\"@type\":\"PropertyValueSpecification\",\"valueRequired\":true,\"valueName\":\"search_term_string\"}}],\"inLanguage\":\"es\"},{\"@type\":\"Person\",\"@id\":\"https:\\\/\\\/www.aliadospuebla.com\\\/#\\\/schema\\\/person\\\/5da7dd09320bd4f392b710017ed5f8ad\",\"name\":\"Aliados17\",\"image\":{\"@type\":\"ImageObject\",\"inLanguage\":\"es\",\"@id\":\"https:\\\/\\\/www.aliadospuebla.com\\\/web2017\\\/wp-content\\\/uploads\\\/2025\\\/03\\\/cropped-para-perfil-8-anos-1-96x96.jpg\",\"url\":\"https:\\\/\\\/www.aliadospuebla.com\\\/web2017\\\/wp-content\\\/uploads\\\/2025\\\/03\\\/cropped-para-perfil-8-anos-1-96x96.jpg\",\"contentUrl\":\"https:\\\/\\\/www.aliadospuebla.com\\\/web2017\\\/wp-content\\\/uploads\\\/2025\\\/03\\\/cropped-para-perfil-8-anos-1-96x96.jpg\",\"caption\":\"Aliados17\"},\"sameAs\":[\"https:\\\/\\\/www.aliados17.com\",\"https:\\\/\\\/www.facebook.com\\\/Aliados17Pue\",\"https:\\\/\\\/x.com\\\/AliadosPuebla\"],\"url\":\"https:\\\/\\\/www.aliadospuebla.com\\\/?author=2\"}]}<\/script>\n<!-- \/ Yoast SEO plugin. -->","yoast_head_json":{"title":"Gobierno de Puebla garantiza protecci\u00f3n a mujeres en servicio de taxi de plataformas - AliadosPuebla","robots":{"index":"index","follow":"follow","max-snippet":"max-snippet:-1","max-image-preview":"max-image-preview:large","max-video-preview":"max-video-preview:-1"},"canonical":"https:\/\/www.aliadospuebla.com\/?p=100377","og_locale":"es_ES","og_type":"article","og_title":"Gobierno de Puebla garantiza protecci\u00f3n a mujeres en servicio de taxi de plataformas - AliadosPuebla","og_description":"No se permitir\u00e1 que se vulneren sus derechos al difundir datos personales. CIUDAD DE PUEBLA, Pue.- Para garantizar el respeto y la protecci\u00f3n de los derechos de las mujeres, adolescentes y ni\u00f1as en el servicio de traslado privado que ofrecen plataformas en Puebla, el gobierno del Estado, que encabeza Alejandro Armenta, actuar\u00e1 con firmeza a trav\u00e9s de la Secretar\u00eda de Movilidad y Transporte para llegar hasta las \u00faltimas consecuencias y detener la presunta pr\u00e1ctica entre choferes que vulneran la informaci\u00f3n de las usuarias. Estas acciones surgen como respuesta inmediata a reportes que circula en redes sociales y medios de comunicaci\u00f3n, donde se denuncia que fotograf\u00edas y datos personales son exhibidos en redes sociales, a trav\u00e9s de la cuenta InDriver, presuntamente creada por conductores de servicio&hellip;Leer m\u00e1s...","og_url":"https:\/\/www.aliadospuebla.com\/?p=100377","og_site_name":"AliadosPuebla","article_author":"https:\/\/www.facebook.com\/Aliados17Pue","article_published_time":"2025-01-11T21:11:05+00:00","og_image":[{"width":600,"height":450,"url":"https:\/\/www.aliadospuebla.com\/web2017\/wp-content\/uploads\/2025\/01\/150.jpg","type":"image\/jpeg"}],"author":"Aliados17","twitter_card":"summary_large_image","twitter_creator":"@AliadosPuebla","twitter_misc":{"Escrito por":"Aliados17","Tiempo de lectura":"2 minutos"},"schema":{"@context":"https:\/\/schema.org","@graph":[{"@type":"Article","@id":"https:\/\/www.aliadospuebla.com\/?p=100377#article","isPartOf":{"@id":"https:\/\/www.aliadospuebla.com\/?p=100377"},"author":{"name":"Aliados17","@id":"https:\/\/www.aliadospuebla.com\/#\/schema\/person\/5da7dd09320bd4f392b710017ed5f8ad"},"headline":"Gobierno de Puebla garantiza protecci\u00f3n a mujeres en servicio de taxi de plataformas","datePublished":"2025-01-11T21:11:05+00:00","mainEntityOfPage":{"@id":"https:\/\/www.aliadospuebla.com\/?p=100377"},"wordCount":278,"commentCount":0,"image":{"@id":"https:\/\/www.aliadospuebla.com\/?p=100377#primaryimage"},"thumbnailUrl":"https:\/\/www.aliadospuebla.com\/web2017\/wp-content\/uploads\/2025\/01\/150.jpg","keywords":["ALEJANDRO ARMENTA","DATOS PERSONALES","garantizar el respeto","protecci\u00f3n a mujeres","Secretar\u00eda de Movilidad y Transporte","taxi de plataformas"],"articleSection":["Gobierno"],"inLanguage":"es","potentialAction":[{"@type":"CommentAction","name":"Comment","target":["https:\/\/www.aliadospuebla.com\/?p=100377#respond"]}]},{"@type":"WebPage","@id":"https:\/\/www.aliadospuebla.com\/?p=100377","url":"https:\/\/www.aliadospuebla.com\/?p=100377","name":"Gobierno de Puebla garantiza protecci\u00f3n a mujeres en servicio de taxi de plataformas - AliadosPuebla","isPartOf":{"@id":"https:\/\/www.aliadospuebla.com\/#website"},"primaryImageOfPage":{"@id":"https:\/\/www.aliadospuebla.com\/?p=100377#primaryimage"},"image":{"@id":"https:\/\/www.aliadospuebla.com\/?p=100377#primaryimage"},"thumbnailUrl":"https:\/\/www.aliadospuebla.com\/web2017\/wp-content\/uploads\/2025\/01\/150.jpg","datePublished":"2025-01-11T21:11:05+00:00","author":{"@id":"https:\/\/www.aliadospuebla.com\/#\/schema\/person\/5da7dd09320bd4f392b710017ed5f8ad"},"breadcrumb":{"@id":"https:\/\/www.aliadospuebla.com\/?p=100377#breadcrumb"},"inLanguage":"es","potentialAction":[{"@type":"ReadAction","target":["https:\/\/www.aliadospuebla.com\/?p=100377"]}]},{"@type":"ImageObject","inLanguage":"es","@id":"https:\/\/www.aliadospuebla.com\/?p=100377#primaryimage","url":"https:\/\/www.aliadospuebla.com\/web2017\/wp-content\/uploads\/2025\/01\/150.jpg","contentUrl":"https:\/\/www.aliadospuebla.com\/web2017\/wp-content\/uploads\/2025\/01\/150.jpg","width":600,"height":450},{"@type":"BreadcrumbList","@id":"https:\/\/www.aliadospuebla.com\/?p=100377#breadcrumb","itemListElement":[{"@type":"ListItem","position":1,"name":"Portada","item":"https:\/\/www.aliadospuebla.com\/"},{"@type":"ListItem","position":2,"name":"Gobierno de Puebla garantiza protecci\u00f3n a mujeres en servicio de taxi de plataformas"}]},{"@type":"WebSite","@id":"https:\/\/www.aliadospuebla.com\/#website","url":"https:\/\/www.aliadospuebla.com\/","name":"AliadosPuebla","description":"La informaci\u00f3n en tus manos","potentialAction":[{"@type":"SearchAction","target":{"@type":"EntryPoint","urlTemplate":"https:\/\/www.aliadospuebla.com\/?s={search_term_string}"},"query-input":{"@type":"PropertyValueSpecification","valueRequired":true,"valueName":"search_term_string"}}],"inLanguage":"es"},{"@type":"Person","@id":"https:\/\/www.aliadospuebla.com\/#\/schema\/person\/5da7dd09320bd4f392b710017ed5f8ad","name":"Aliados17","image":{"@type":"ImageObject","inLanguage":"es","@id":"https:\/\/www.aliadospuebla.com\/web2017\/wp-content\/uploads\/2025\/03\/cropped-para-perfil-8-anos-1-96x96.jpg","url":"https:\/\/www.aliadospuebla.com\/web2017\/wp-content\/uploads\/2025\/03\/cropped-para-perfil-8-anos-1-96x96.jpg","contentUrl":"https:\/\/www.aliadospuebla.com\/web2017\/wp-content\/uploads\/2025\/03\/cropped-para-perfil-8-anos-1-96x96.jpg","caption":"Aliados17"},"sameAs":["https:\/\/www.aliados17.com","https:\/\/www.facebook.com\/Aliados17Pue","https:\/\/x.com\/AliadosPuebla"],"url":"https:\/\/www.aliadospuebla.com\/?author=2"}]}},"views":12,"_links":{"self":[{"href":"https:\/\/www.aliadospuebla.com\/index.php?rest_route=\/wp\/v2\/posts\/100377","targetHints":{"allow":["GET"]}}],"collection":[{"href":"https:\/\/www.aliadospuebla.com\/index.php?rest_route=\/wp\/v2\/posts"}],"about":[{"href":"https:\/\/www.aliadospuebla.com\/index.php?rest_route=\/wp\/v2\/types\/post"}],"author":[{"embeddable":true,"href":"https:\/\/www.aliadospuebla.com\/index.php?rest_route=\/wp\/v2\/users\/2"}],"replies":[{"embeddable":true,"href":"https:\/\/www.aliadospuebla.com\/index.php?rest_route=%2Fwp%2Fv2%2Fcomments&post=100377"}],"version-history":[{"count":1,"href":"https:\/\/www.aliadospuebla.com\/index.php?rest_route=\/wp\/v2\/posts\/100377\/revisions"}],"predecessor-version":[{"id":100379,"href":"https:\/\/www.aliadospuebla.com\/index.php?rest_route=\/wp\/v2\/posts\/100377\/revisions\/100379"}],"wp:featuredmedia":[{"embeddable":true,"href":"https:\/\/www.aliadospuebla.com\/index.php?rest_route=\/wp\/v2\/media\/100378"}],"wp:attachment":[{"href":"https:\/\/www.aliadospuebla.com\/index.php?rest_route=%2Fwp%2Fv2%2Fmedia&parent=100377"}],"wp:term":[{"taxonomy":"category","embeddable":true,"href":"https:\/\/www.aliadospuebla.com\/index.php?rest_route=%2Fwp%2Fv2%2Fcategories&post=100377"},{"taxonomy":"post_tag","embeddable":true,"href":"https:\/\/www.aliadospuebla.com\/index.php?rest_route=%2Fwp%2Fv2%2Ftags&post=100377"}],"curies":[{"name":"wp","href":"https:\/\/api.w.org\/{rel}","templated":true}]}}